{"id":5146,"date":"2017-01-03T14:22:00","date_gmt":"2017-01-03T14:22:00","guid":{"rendered":"http:\/\/www.mertcanpolat.com.tr\/dev\/index.php\/2017\/01\/03\/denetim-komisyonu-secildi\/"},"modified":"2017-01-03T14:22:00","modified_gmt":"2017-01-03T14:22:00","slug":"denetim-komisyonu-secildi","status":"publish","type":"post","link":"http:\/\/www.mertcanpolat.com.tr\/dev\/denetim-komisyonu-secildi\/","title":{"rendered":"DENET\u0130M KOM\u0130SYONU SE\u00c7\u0130LD\u0130"},"content":{"rendered":"<p><b>Yalova \u0130l Genel Meclisi, 2017 y\u0131l\u0131n\u0131n ilk oturumunu yapt\u0131. \u0130lk toplant\u0131da denetim komisyonuna \u00fcye se\u00e7imi yap\u0131ld\u0131<\/b>   <\/p>\n<p> <span style=\"font-size:14px;\">Ya\u015far Demirel ba\u015fkanl\u0131\u011f\u0131nda ger\u00e7ekle\u015fen ilk oturumda \u0130l Genel Meclisi \u00c7al\u0131\u015fma Y\u00f6netmeli\u011finin 20. maddesi kapsam\u0131nda, meclis \u00fcyeleri aras\u0131ndan Denetim Komisyonu\u2019na \u00fcye se\u00e7imi ger\u00e7ekle\u015ftirildi. AK Parti\u2019den Ya\u015far Demirel, Ali \u00c7orbac\u0131, \u0130brahim Akay ve \u0130brahim D\u00f6nerta\u015f\u2019\u0131n, CHP\u2019den ise Mustafa Tunal\u0131\u2019n\u0131n aday g\u00f6sterildi\u011fi se\u00e7imler gizli oyla yap\u0131ld\u0131. Yap\u0131lan se\u00e7im sonucu t\u00fcm adaylar oy birli\u011fiyle komisyona se\u00e7ildiler.<\/span> <\/p>\n<p> <span style=\"font-size:14px;\">Mecliste g\u00f6r\u00fc\u015f\u00fclen bir di\u011fer g\u00fcndem maddesi ise 5302 say\u0131l\u0131 \u0130l \u00d6zel \u0130daresi Kanunu\u2019nun 17. maddesinin birinci f\u0131kras\u0131 gere\u011fince, il \u00f6zel idaresinin bir \u00f6nceki y\u0131l gelir ve giderleri ile hesap ve i\u015flemlerinin denetimi i\u00e7in olu\u015fturulan denetim komisyonu \u00e7al\u0131\u015fmalar\u0131na yard\u0131mc\u0131 olmak \u00fczere, denetim komisyonu emrinde uzman personel g\u00f6revlendirilmesi, il \u00f6zel idaresi d\u0131\u015f\u0131ndaki kamu kurum ve kurulu\u015flar\u0131ndan g\u00f6revlendirilecek uzman personele, 5393 say\u0131l\u0131 Belediye Kanununu 25. maddesinin 3. f\u0131kras\u0131 gere\u011fince belirlenecek miktarda g\u00fcnl\u00fck \u00f6deme yap\u0131lmas\u0131 oldu.<\/span> <\/p>\n<p>&nbsp;<\/p>\n","protected":false},"excerpt":{"rendered":"<p>Yalova \u0130l Genel Meclisi, 2017 y\u0131l\u0131n\u0131n ilk oturumunu yapt\u0131. \u0130lk toplant\u0131da denetim komisyonuna \u00fcye se\u00e7imi yap\u0131ld\u0131 Ya\u015far Demirel ba\u015fkanl\u0131\u011f\u0131nda ger\u00e7ekle\u015fen<\/p>\n","protected":false},"author":1,"featured_media":5147,"comment_status":"open","ping_status":"open","sticky":false,"template":"","format":"standard","meta":[],"categories":[1],"tags":[],"_links":{"self":[{"href":"http:\/\/www.mertcanpolat.com.tr\/dev\/wp-json\/wp\/v2\/posts\/5146"}],"collection":[{"href":"http:\/\/www.mertcanpolat.com.tr\/dev\/wp-json\/wp\/v2\/posts"}],"about":[{"href":"http:\/\/www.mertcanpolat.com.tr\/dev\/wp-json\/wp\/v2\/types\/post"}],"author":[{"embeddable":true,"href":"http:\/\/www.mertcanpolat.com.tr\/dev\/wp-json\/wp\/v2\/users\/1"}],"replies":[{"embeddable":true,"href":"http:\/\/www.mertcanpolat.com.tr\/dev\/wp-json\/wp\/v2\/comments?post=5146"}],"version-history":[{"count":0,"href":"http:\/\/www.mertcanpolat.com.tr\/dev\/wp-json\/wp\/v2\/posts\/5146\/revisions"}],"wp:featuredmedia":[{"embeddable":true,"href":"http:\/\/www.mertcanpolat.com.tr\/dev\/wp-json\/wp\/v2\/media\/5147"}],"wp:attachment":[{"href":"http:\/\/www.mertcanpolat.com.tr\/dev\/wp-json\/wp\/v2\/media?parent=5146"}],"wp:term":[{"taxonomy":"category","embeddable":true,"href":"http:\/\/www.mertcanpolat.com.tr\/dev\/wp-json\/wp\/v2\/categories?post=5146"},{"taxonomy":"post_tag","embeddable":true,"href":"http:\/\/www.mertcanpolat.com.tr\/dev\/wp-json\/wp\/v2\/tags?post=5146"}],"curies":[{"name":"wp","href":"https:\/\/api.w.org\/{rel}","templated":true}]}}