{"id":5144,"date":"2017-01-03T14:27:00","date_gmt":"2017-01-03T14:27:00","guid":{"rendered":"http:\/\/www.mertcanpolat.com.tr\/dev\/index.php\/2017\/01\/03\/yalova-belediyesinden-emniyete-bina\/"},"modified":"2017-01-03T14:27:00","modified_gmt":"2017-01-03T14:27:00","slug":"yalova-belediyesinden-emniyete-bina","status":"publish","type":"post","link":"http:\/\/www.mertcanpolat.com.tr\/dev\/yalova-belediyesinden-emniyete-bina\/","title":{"rendered":"YALOVA BELED\u0130YES\u0130&#39;NDEN EMN\u0130YETE B\u0130NA"},"content":{"rendered":"<p><b>Yalova Belediye Meclisi, M\u00fchendislik Fak\u00fcltesi\u2019ni Yalova Emniyet M\u00fcd\u00fcrl\u00fc\u011f\u00fc\u2019ne 25 y\u0131ll\u0131\u011f\u0131na tahsis etti.<\/b>   <\/p>\n<p> <span style=\"font-size:14px;\">Yalova Belediye Meclisi, 2017 y\u0131l\u0131n\u0131n ilk toplant\u0131s\u0131n\u0131 Vefa Salman ba\u015fkanl\u0131\u011f\u0131nda, Meclis Toplant\u0131 Salonu\u2019nda ger\u00e7ekle\u015ftirdi. Ocak ay\u0131 ilk birle\u015fimde \u00f6nce imar konular\u0131 g\u00f6r\u00fc\u015f\u00fclerek komisyona aktar\u0131ld\u0131. Toplant\u0131da Yalova \u00dcniversitesi taraf\u0131ndan M\u00fchendislik Fak\u00fcltesi olarak kullan\u0131lan belediyeye ait binan\u0131n 25 y\u0131ll\u0131\u011f\u0131na \u0130l Emniyet M\u00fcd\u00fcrl\u00fc\u011f\u00fc\u2019ne tahsisi g\u00fcndeme geldi. Konuyla ilgili bilgi veren Ba\u015fkan Salman, \u201cEmniyet M\u00fcd\u00fcrl\u00fc\u011f\u00fc\u2019m\u00fcz\u00fcn uzun zamand\u0131r yerle ilgili s\u0131k\u0131nt\u0131s\u0131 var. Gerek merkezdeki ana bina, gerek ek bina ihtiyac\u0131n\u0131 kar\u015f\u0131layamaz hale geldi. Bununla ilgili bir \u00f6nceki m\u00fcd\u00fcr\u00fcm\u00fcz de bana gelmi\u015fti. \u00dcniversiteyle de g\u00f6r\u00fc\u015ft\u00fc\u011f\u00fcn\u00fc belirtmi\u015fti. Yeni m\u00fcd\u00fcr\u00fcm\u00fczle de konu\u015ftuk. Alaca\u011f\u0131m\u0131z karar neticesinde buray\u0131 Emniyet M\u00fcd\u00fcrl\u00fc\u011f\u00fc\u2019ne tahsis etmi\u015f olaca\u011f\u0131z. M\u00fcd\u00fcr\u00fcm\u00fcz emniyetin Yalova\u2019da yeni bir binay\u0131 kendisinin yapmak istedi\u011fini, 25 y\u0131l tahsisli kalmas\u0131n\u0131n m\u00fcmk\u00fcn olmayaca\u011f\u0131n\u0131 dile getirdi. Ayn\u0131 zamanda yeni binaya ge\u00e7tikten sonra gerekli yaz\u0131\u015fmalar yap\u0131larak ek binay\u0131 belediyeye verebileceklerini s\u00f6yledi. Bizim de yaram\u0131z\u0131 sarar, i\u015fimizi g\u00f6r\u00fcr\u00fcz dedik. Oras\u0131 da bizim i\u015fimize yarar\u201d diye konu\u015ftu.<img alt=\"\" src=\"http:\/\/ajansyalova.com\/Images\/Thumbs\/Editor\/5823-yalovabelediyemeclisi.jpeg\" style=\"border-width: 2px; border-style: solid; margin: 2px; float: right; width: 500px; height: 199px;\" \/> <\/span> <\/p>\n<p> <span style=\"font-size:14px;\">AK Parti, CHP ve ba\u011f\u0131ms\u0131z \u00fcyeler konuya desteklerini a\u00e7\u0131klad\u0131lar. Ard\u0131ndan yap\u0131lan oylamada, fak\u00fclte emniyete tahsis edildi.<\/span> <\/p>\n<p> <span style=\"font-size:14px;\">Ard\u0131ndan Yalova Emniyet M\u00fcd\u00fcr Yard\u0131mc\u0131s\u0131 Murat Ak\u00e7ay, te\u015fekk\u00fcr konu\u015fmas\u0131 yapt\u0131.<\/span> <\/p>\n<p> <span style=\"font-size:14px;\"> <strong>Emniyete \u00e7ekici<\/strong> <\/span> <\/p>\n<p> <span style=\"font-size:14px;\">Birle\u015fim hatal\u0131 park yapan ara\u00e7lar\u0131n \u00e7ekilmesi i\u00e7in bir arac\u0131n al\u0131nmas\u0131 teklifinin g\u00f6r\u00fc\u015f\u00fclmesiyle devam etti. Salman, Emniyet M\u00fcd\u00fcrl\u00fc\u011f\u00fc\u2019n\u00fcn b\u00fct\u00e7esinin k\u0131s\u0131tl\u0131 olmas\u0131ndan dolay\u0131, \u00e7ekiciyi alacaklar\u0131n\u0131 daha sonra ise m\u00fcd\u00fcrl\u00fc\u011fe hibe edeceklerini s\u00f6yledi. Teklif oybirli\u011fiyle kabul edildi.<\/span> <\/p>\n<p> <span style=\"font-size:14px;\"> <strong>Denetim komisyonu belirlendi<\/strong> <\/span> <\/p>\n<p> <span style=\"font-size:14px;\">Toplant\u0131da son olarak denetim komisyonu se\u00e7imi ger\u00e7ekle\u015fti. Yap\u0131lan oylama sonucu komisyona AK Parti\u2019den Serap T\u00fcrky\u0131lmaz, Fahrettin Y\u0131ld\u0131z, Bilal Kas\u0131n, CHP\u2019den Resul Morg\u00fcl, Sinan Giray komisyona se\u00e7ildi.<\/span> <\/p>\n","protected":false},"excerpt":{"rendered":"<p>Yalova Belediye Meclisi, M\u00fchendislik Fak\u00fcltesi\u2019ni Yalova Emniyet M\u00fcd\u00fcrl\u00fc\u011f\u00fc\u2019ne 25 y\u0131ll\u0131\u011f\u0131na tahsis etti. Yalova Belediye Meclisi, 2017 y\u0131l\u0131n\u0131n ilk toplant\u0131s\u0131n\u0131 Vefa<\/p>\n","protected":false},"author":1,"featured_media":5145,"comment_status":"open","ping_status":"open","sticky":false,"template":"","format":"standard","meta":[],"categories":[1],"tags":[],"_links":{"self":[{"href":"http:\/\/www.mertcanpolat.com.tr\/dev\/wp-json\/wp\/v2\/posts\/5144"}],"collection":[{"href":"http:\/\/www.mertcanpolat.com.tr\/dev\/wp-json\/wp\/v2\/posts"}],"about":[{"href":"http:\/\/www.mertcanpolat.com.tr\/dev\/wp-json\/wp\/v2\/types\/post"}],"author":[{"embeddable":true,"href":"http:\/\/www.mertcanpolat.com.tr\/dev\/wp-json\/wp\/v2\/users\/1"}],"replies":[{"embeddable":true,"href":"http:\/\/www.mertcanpolat.com.tr\/dev\/wp-json\/wp\/v2\/comments?post=5144"}],"version-history":[{"count":0,"href":"http:\/\/www.mertcanpolat.com.tr\/dev\/wp-json\/wp\/v2\/posts\/5144\/revisions"}],"wp:featuredmedia":[{"embeddable":true,"href":"http:\/\/www.mertcanpolat.com.tr\/dev\/wp-json\/wp\/v2\/media\/5145"}],"wp:attachment":[{"href":"http:\/\/www.mertcanpolat.com.tr\/dev\/wp-json\/wp\/v2\/media?parent=5144"}],"wp:term":[{"taxonomy":"category","embeddable":true,"href":"http:\/\/www.mertcanpolat.com.tr\/dev\/wp-json\/wp\/v2\/categories?post=5144"},{"taxonomy":"post_tag","embeddable":true,"href":"http:\/\/www.mertcanpolat.com.tr\/dev\/wp-json\/wp\/v2\/tags?post=5144"}],"curies":[{"name":"wp","href":"https:\/\/api.w.org\/{rel}","templated":true}]}}