{"id":5134,"date":"2017-01-03T17:52:00","date_gmt":"2017-01-03T17:52:00","guid":{"rendered":"http:\/\/www.mertcanpolat.com.tr\/dev\/index.php\/2017\/01\/03\/yeni-kaymakam-goreve-basladi\/"},"modified":"2017-01-03T17:52:00","modified_gmt":"2017-01-03T17:52:00","slug":"yeni-kaymakam-goreve-basladi","status":"publish","type":"post","link":"http:\/\/www.mertcanpolat.com.tr\/dev\/yeni-kaymakam-goreve-basladi\/","title":{"rendered":"YEN\u0130 KAYMAKAM G\u00d6REVE BA\u015eLADI"},"content":{"rendered":"<p><b>\u015eanl\u0131urfa Vali Yard\u0131mc\u0131l\u0131\u011f\u0131\u2019ndan Armutlu Kaymakaml\u0131\u011f\u0131\u2019na atanan U\u011fur Sezer, g\u00f6revine ba\u015flad\u0131<\/b>   <\/p>\n<p> <span style=\"font-size:14px;\">\u015eanl\u0131urfa Vali Yard\u0131mc\u0131l\u0131\u011f\u0131\u2019ndan 01.12.2016 tarihli ve 29905 say\u0131l\u0131 Resmi Gazete\u2019de yay\u0131mlanan, \u0130\u00e7i\u015fleri Bakanl\u0131\u011f\u0131na ait 2016\/861 say\u0131l\u0131 Vali Yard\u0131mc\u0131lar\u0131 ve Kaymakamlar Kararnamesi ile Armutlu Kaymakaml\u0131\u011f\u0131\u2019na atanan U\u011fur Sezer, Armutlu il\u00e7esinde g\u00f6reve ba\u015flad\u0131.<\/span> <\/p>\n<p> <span style=\"font-size:14px;\">Hilvan\u2019da kaymakaml\u0131k g\u00f6revini y\u00fcr\u00fct\u00fcrken, vatanda\u015f ile devlet kayna\u015fmas\u0131n\u0131 sa\u011flayan U\u011fur Sezer, bir\u00e7ok kan daval\u0131 ailenin bar\u0131\u015fmas\u0131na vesile olmas\u0131yla dikkatleri \u00fczerine \u00e7ekti. \u0130l\u00e7ede kan daval\u0131 aileler ile g\u00f6r\u00fc\u015ferek, husumetlerin bar\u0131\u015fla sonu\u00e7lanmas\u0131n\u0131 sa\u011flayan U\u011fur Sezer, m\u00fctevaz\u0131 tav\u0131rlar\u0131, \u00e7al\u0131\u015fkan ve d\u00fcr\u00fcst devlet adaml\u0131\u011f\u0131yla il\u00e7ede ya\u015fayanlar taraf\u0131ndan benimsendi.<\/span> <\/p>\n<p> <span style=\"font-size:14px;\">2014 y\u0131l\u0131nda 1032 say\u0131l\u0131 kararname ile \u015eanl\u0131urfa Vali Yard\u0131mc\u0131l\u0131\u011f\u0131\u2019na atanan U\u011fur Sezer, bu g\u00f6revinde de ba\u015far\u0131l\u0131 bir performans grafi\u011fi \u00e7izerken, \u015eanl\u0131urfa\u2019da sanayinin geli\u015fmesine \u00f6nemli katk\u0131lar sa\u011flad\u0131. \u015eanl\u0131urfa OSB\u2019de \u00f6nemli \u00e7al\u0131\u015fmalara imza atan Sezer, Kaymakamlar kararnamesi ile Yalova\u2019n\u0131n Armutlu il\u00e7esine atand\u0131.<\/span> <\/p>\n<p> <span style=\"font-size:14px;\"> <strong>U\u011fur Sezer Kimdir? <\/strong> <\/span> <\/p>\n<p> <span style=\"font-size:14px;\">1981 y\u0131l\u0131nda Karab\u00fck\u2019te do\u011fdu. Ankara \u00dcniversitesi Siyasal Bilgiler Fak\u00fcltesi Kamu Y\u00f6netimi B\u00f6l\u00fcm\u00fcnden 2003 y\u0131l\u0131nda mezun oldu. 2004 y\u0131l\u0131nda M\u00fclki \u0130dare Amirli\u011fi mesle\u011fine Bursa Kaymakam aday\u0131 olarak ba\u015flad\u0131. Burdur-Kemer il\u00e7esi ile Trabzon-Tonya il\u00e7elerinde kaymakam vekili olarak g\u00f6rev yapt\u0131. 9 ay s\u00fcreli yurtd\u0131\u015f\u0131 staj\u0131nda \u0130ngiltere Leicester \u00dcniversitesi\u2019nde yabanc\u0131 dil e\u011fitimi al\u0131p, idari incelemelerde bulundu. 2007 y\u0131l\u0131nda 91. d\u00f6nem kaymakaml\u0131k kursuna m\u00fcteakip kura ile Isparta ili Aksu il\u00e7esinde g\u00f6reve ba\u015flad\u0131. Ard\u0131ndan 2009-2011 aras\u0131nda Karaman ili Ba\u015fyayla il\u00e7esinde g\u00f6rev yapt\u0131. 29.08.2011 tarihli Resmi Gazetede yay\u0131nlanan Kararname ile Hilvan Kaymakaml\u0131\u011f\u0131 g\u00f6revine atand\u0131. Yakla\u015f\u0131k 3 y\u0131l Hilvan Kaymakaml\u0131\u011f\u0131 g\u00f6revini y\u00fcr\u00fcten U\u011fur Sezer, 02.09.2014 tarihinde 2014\/1032 say\u0131l\u0131 kararname ile \u015eanl\u0131urfa Vali Yard\u0131mc\u0131l\u0131\u011f\u0131 g\u00f6revine atanm\u0131\u015ft\u0131.<\/span> <\/p>\n","protected":false},"excerpt":{"rendered":"<p>\u015eanl\u0131urfa Vali Yard\u0131mc\u0131l\u0131\u011f\u0131\u2019ndan Armutlu Kaymakaml\u0131\u011f\u0131\u2019na atanan U\u011fur Sezer, g\u00f6revine ba\u015flad\u0131 \u015eanl\u0131urfa Vali Yard\u0131mc\u0131l\u0131\u011f\u0131\u2019ndan 01.12.2016 tarihli ve 29905 say\u0131l\u0131 Resmi Gazete\u2019de<\/p>\n","protected":false},"author":1,"featured_media":5135,"comment_status":"open","ping_status":"open","sticky":false,"template":"","format":"standard","meta":[],"categories":[1],"tags":[],"_links":{"self":[{"href":"http:\/\/www.mertcanpolat.com.tr\/dev\/wp-json\/wp\/v2\/posts\/5134"}],"collection":[{"href":"http:\/\/www.mertcanpolat.com.tr\/dev\/wp-json\/wp\/v2\/posts"}],"about":[{"href":"http:\/\/www.mertcanpolat.com.tr\/dev\/wp-json\/wp\/v2\/types\/post"}],"author":[{"embeddable":true,"href":"http:\/\/www.mertcanpolat.com.tr\/dev\/wp-json\/wp\/v2\/users\/1"}],"replies":[{"embeddable":true,"href":"http:\/\/www.mertcanpolat.com.tr\/dev\/wp-json\/wp\/v2\/comments?post=5134"}],"version-history":[{"count":0,"href":"http:\/\/www.mertcanpolat.com.tr\/dev\/wp-json\/wp\/v2\/posts\/5134\/revisions"}],"wp:featuredmedia":[{"embeddable":true,"href":"http:\/\/www.mertcanpolat.com.tr\/dev\/wp-json\/wp\/v2\/media\/5135"}],"wp:attachment":[{"href":"http:\/\/www.mertcanpolat.com.tr\/dev\/wp-json\/wp\/v2\/media?parent=5134"}],"wp:term":[{"taxonomy":"category","embeddable":true,"href":"http:\/\/www.mertcanpolat.com.tr\/dev\/wp-json\/wp\/v2\/categories?post=5134"},{"taxonomy":"post_tag","embeddable":true,"href":"http:\/\/www.mertcanpolat.com.tr\/dev\/wp-json\/wp\/v2\/tags?post=5134"}],"curies":[{"name":"wp","href":"https:\/\/api.w.org\/{rel}","templated":true}]}}