{"id":5132,"date":"2017-01-03T18:01:00","date_gmt":"2017-01-03T18:01:00","guid":{"rendered":"http:\/\/www.mertcanpolat.com.tr\/dev\/index.php\/2017\/01\/03\/yalovaya-yeni-huzurevi\/"},"modified":"2017-01-03T18:01:00","modified_gmt":"2017-01-03T18:01:00","slug":"yalovaya-yeni-huzurevi","status":"publish","type":"post","link":"http:\/\/www.mertcanpolat.com.tr\/dev\/yalovaya-yeni-huzurevi\/","title":{"rendered":"YALOVA&#39;YA YEN\u0130 HUZUREV\u0130"},"content":{"rendered":"<p><b>Pa\u015fakent\u2019teki Yalova Huzurevi Ya\u015fl\u0131 Bak\u0131m ve Rehabilitasyon Merkezi\u2019nde \u00e7al\u0131\u015fmalar s\u00fcr\u00fcyor. 2016 y\u0131l\u0131nda bir blo\u011funun kabas\u0131 biten in\u015faatla ilgili \u00e7al\u0131\u015fmalar k\u0131sa s\u00fcrede bitirilecek <\/b>   <\/p>\n<p> <span style=\"font-size:14px;\">Pa\u015fakent So\u011fucak Kal\u0131c\u0131 Konutlar mevkiinde temeli at\u0131lan Yalova Huzurevi Ya\u015fl\u0131 Bak\u0131m ve Rehabilitasyon Merkezi\u2019nde \u00e7al\u0131\u015fmalar devam ediyor.<\/span> <\/p>\n<p> <span style=\"font-size:14px;\">Aile ve Sosyal Politikalar Bakanl\u0131\u011f\u0131 taraf\u0131ndan yapt\u0131r\u0131lmakta olan Yalova Huzurevi\u2019nin in\u015faat \u00e7al\u0131\u015fmalar\u0131nda kaba k\u0131sm\u0131 tamamland\u0131.<\/span> <\/p>\n<p> <span style=\"font-size:14px;\">2015 y\u0131l\u0131nda temeli at\u0131lan Yalova Merkez Huzurevi in\u015faat\u0131, temelinin at\u0131lmas\u0131n\u0131n ard\u0131ndan zemin kaymalar\u0131 ya\u015fanm\u0131\u015f ve \u00e7al\u0131\u015fmalar durdurulmu\u015ftu. Pa\u015fakent Mahallesi\u2019nde farkl\u0131 bir b\u00f6lgede yap\u0131m\u0131na ba\u015flanan 60 ki\u015filik Huzurevi ve Rehabilitasyon Merkezi in\u015faat\u0131nda y\u00fcklenici firma devir teslim i\u015flemlerinin ard\u0131ndan \u00e7al\u0131\u015fmalar\u0131 h\u0131zland\u0131rd\u0131.<\/span> <\/p>\n<p> <span style=\"font-size:14px;\">\u00dc\u00e7 bloktan olu\u015fan projede A blo\u011fun kabas\u0131 tamamland\u0131. B ve C blokta ise duvar alt\u0131 perdelerin beton d\u00f6k\u00fcm\u00fc ger\u00e7ekle\u015ftirildi. \u0130ki blokta dolgu ve temel imalatlar\u0131na ba\u015fland\u0131. 8 d\u00f6n\u00fcm alanda yap\u0131m\u0131na ba\u015flanan huzurevi 60 ki\u015fi kapasiteli olacak. Huzurevi bu y\u0131l i\u00e7inde tamamlanarak hizmet vermeye ba\u015flayacak.<\/span> <\/p>\n<p>&nbsp;<\/p>\n<p>&nbsp;<\/p>\n","protected":false},"excerpt":{"rendered":"<p>Pa\u015fakent\u2019teki Yalova Huzurevi Ya\u015fl\u0131 Bak\u0131m ve Rehabilitasyon Merkezi\u2019nde \u00e7al\u0131\u015fmalar s\u00fcr\u00fcyor. 2016 y\u0131l\u0131nda bir blo\u011funun kabas\u0131 biten in\u015faatla ilgili \u00e7al\u0131\u015fmalar k\u0131sa<\/p>\n","protected":false},"author":1,"featured_media":5133,"comment_status":"open","ping_status":"open","sticky":false,"template":"","format":"standard","meta":[],"categories":[1],"tags":[],"_links":{"self":[{"href":"http:\/\/www.mertcanpolat.com.tr\/dev\/wp-json\/wp\/v2\/posts\/5132"}],"collection":[{"href":"http:\/\/www.mertcanpolat.com.tr\/dev\/wp-json\/wp\/v2\/posts"}],"about":[{"href":"http:\/\/www.mertcanpolat.com.tr\/dev\/wp-json\/wp\/v2\/types\/post"}],"author":[{"embeddable":true,"href":"http:\/\/www.mertcanpolat.com.tr\/dev\/wp-json\/wp\/v2\/users\/1"}],"replies":[{"embeddable":true,"href":"http:\/\/www.mertcanpolat.com.tr\/dev\/wp-json\/wp\/v2\/comments?post=5132"}],"version-history":[{"count":0,"href":"http:\/\/www.mertcanpolat.com.tr\/dev\/wp-json\/wp\/v2\/posts\/5132\/revisions"}],"wp:featuredmedia":[{"embeddable":true,"href":"http:\/\/www.mertcanpolat.com.tr\/dev\/wp-json\/wp\/v2\/media\/5133"}],"wp:attachment":[{"href":"http:\/\/www.mertcanpolat.com.tr\/dev\/wp-json\/wp\/v2\/media?parent=5132"}],"wp:term":[{"taxonomy":"category","embeddable":true,"href":"http:\/\/www.mertcanpolat.com.tr\/dev\/wp-json\/wp\/v2\/categories?post=5132"},{"taxonomy":"post_tag","embeddable":true,"href":"http:\/\/www.mertcanpolat.com.tr\/dev\/wp-json\/wp\/v2\/tags?post=5132"}],"curies":[{"name":"wp","href":"https:\/\/api.w.org\/{rel}","templated":true}]}}