{"id":5126,"date":"2017-01-04T16:59:00","date_gmt":"2017-01-04T16:59:00","guid":{"rendered":"http:\/\/www.mertcanpolat.com.tr\/dev\/index.php\/2017\/01\/04\/chpde-surpriz-gorusme\/"},"modified":"2017-01-04T16:59:00","modified_gmt":"2017-01-04T16:59:00","slug":"chpde-surpriz-gorusme","status":"publish","type":"post","link":"http:\/\/www.mertcanpolat.com.tr\/dev\/chpde-surpriz-gorusme\/","title":{"rendered":"CHP&#39;DE S\u00dcRPR\u0130Z G\u00d6R\u00dc\u015eME"},"content":{"rendered":"<p><b>Pazartesi g\u00fcn\u00fc TBMM Genel Kurulu\u2019nda g\u00f6r\u00fc\u015f\u00fclecek anayasa de\u011fi\u015fikli\u011finden \u00f6nce CHP\u2019de s\u00fcrpriz bir geli\u015fme ya\u015fand\u0131. CHP Lideri Kemal K\u0131l\u0131\u00e7daro\u011flu bug\u00fcn Yalova Milletvekili Muharrem \u0130nce ile bulu\u015fuyor. S\u00fcrpriz bulu\u015fmada K\u0131l\u0131\u00e7daro\u011flu\u2019nun referandum s\u00fcrecinde \u0130nce\u2019den etkin rol almas\u0131n\u0131 talep etmesi bekleniyor.<\/b>   <\/p>\n<p> <span style=\"font-size:14px;\">Anayasa de\u011fi\u015fikli\u011fine kar\u015f\u0131 yol haritas\u0131n\u0131 belirleyen CHP\u2019de s\u00fcrprizler pe\u015f pe\u015fe gelmeye ba\u015flad\u0131.<\/p>\n<p> Pazartesi g\u00fcn\u00fc TBMM Genel Kurulu\u2019ndaki g\u00f6r\u00fc\u015fmede k\u00fcrs\u00fcye \u2018siyaset duayeni\u2019 olarak nitelendirdi\u011fi eski genel ba\u015fkanlardan, Antalya Milletvekili Deniz Baykal\u2019\u0131 \u00e7\u0131karacak olan K\u0131l\u0131\u00e7daro\u011flu\u2019ndan s\u00fcrpriz bir hamle daha geldi.<\/p>\n<p> D\u00dcZG\u00dcN HABER&#8217;in edindi\u011fi bilgiye g\u00f6re, CHP Lideri, ola\u011fan\u00fcst\u00fc kurultayda kendisine rakip olan ve her f\u0131rsatta genel ba\u015fkanl\u0131k iddias\u0131ndan vazge\u00e7medi\u011fini belirten Yalova Milletvekili Muharrem \u0130nce ile bir araya geliyor.<\/p>\n<p> CHP Genel Merkezi\u2019nde ger\u00e7ekle\u015fecek s\u00fcrpriz bulu\u015fman\u0131n bug\u00fcn MYK toplant\u0131s\u0131ndan hemen sonra ger\u00e7ekle\u015fmesi bekleniyor.<\/p>\n<p> \u0130kili en son ge\u00e7ti\u011fimiz y\u0131l Ocak ay\u0131nda yap\u0131lan kurultaydan \u00f6nce ba\u015f ba\u015fa g\u00f6r\u00fc\u015fme yapm\u0131\u015ft\u0131.<\/span> <\/p>\n<p> <span style=\"font-size:14px;\">Yakla\u015f\u0131k bir y\u0131l sonra ger\u00e7ekle\u015fecek tarihi bulu\u015fmada K\u0131l\u0131\u00e7daro\u011flu\u2019nun anayasa de\u011fi\u015fikli\u011fine kar\u015f\u0131 izlenecek strateji konusunda \u0130nce\u2019nin g\u00f6r\u00fc\u015flerine ba\u015fvuraca\u011f\u0131 ve Meclis g\u00f6r\u00fc\u015fmeleri ile olas\u0131 referandum s\u00fcrecinde aktif rol almas\u0131n\u0131 talep etmesi bekleniyor.<\/p>\n<p> G\u00d6REV M\u0130 \u00d6NERECEK?<br \/> K\u0131l\u0131\u00e7daro\u011flu\u2019nun \u0130nce ile bulu\u015fmas\u0131 CHP kulislerine bomba gibi d\u00fc\u015ft\u00fc. B\u00fcy\u00fck bulu\u015fmada, K\u0131l\u0131\u00e7daro\u011flu\u2019nun, \u0130nce\u2019nin birikimlerinden faydalanmak i\u00e7in partide s\u00fcrpriz bir g\u00f6rev \u00f6nerisinde bulunabilece\u011fi de \u00f6ne s\u00fcr\u00fcl\u00fcyor.<\/p>\n<p> \u201cEL\u0130M\u0130 TA\u015eIN ALTINA KOYMAYA HAZIRIM\u201d<br \/> G\u00f6r\u00fc\u015fme hakk\u0131nda yak\u0131n \u00e7evresine konu\u015fan \u0130nce\u2019nin elini ta\u015f\u0131n alt\u0131na koymaya haz\u0131r oldu\u011funu belirterek, \u201cT\u00fcrkiye\u2019nin ba\u015f\u0131 belada. T\u00fcrkiye\u2019nin ba\u015f\u0131 beladayken. Elimiz kolumuz ba\u011fl\u0131 oturacak de\u011filiz. Bu anayasa de\u011fi\u015fikli\u011finin ge\u00e7memesi i\u00e7in elimden geleni yapmaya haz\u0131r\u0131m. Genel Ba\u015fkan\u2019a da s\u00f6yleyece\u011fim, versinler bana bir otob\u00fcs Anadolu\u2019yu kar\u0131\u015f kar\u0131\u015f, k\u00f6y k\u00f6y, mahalle mahalle, ev ev dola\u015farak bu anayasa de\u011fi\u015fikli\u011finin ge\u00e7memesi i\u00e7in \u00e7al\u0131\u015fmaya haz\u0131r\u0131m.\u201d dedi\u011fi \u00f6\u011frenildi.<\/span> <\/p>\n","protected":false},"excerpt":{"rendered":"<p>Pazartesi g\u00fcn\u00fc TBMM Genel Kurulu\u2019nda g\u00f6r\u00fc\u015f\u00fclecek anayasa de\u011fi\u015fikli\u011finden \u00f6nce CHP\u2019de s\u00fcrpriz bir geli\u015fme ya\u015fand\u0131. CHP Lideri Kemal K\u0131l\u0131\u00e7daro\u011flu bug\u00fcn Yalova<\/p>\n","protected":false},"author":1,"featured_media":5127,"comment_status":"open","ping_status":"open","sticky":false,"template":"","format":"standard","meta":[],"categories":[1],"tags":[],"_links":{"self":[{"href":"http:\/\/www.mertcanpolat.com.tr\/dev\/wp-json\/wp\/v2\/posts\/5126"}],"collection":[{"href":"http:\/\/www.mertcanpolat.com.tr\/dev\/wp-json\/wp\/v2\/posts"}],"about":[{"href":"http:\/\/www.mertcanpolat.com.tr\/dev\/wp-json\/wp\/v2\/types\/post"}],"author":[{"embeddable":true,"href":"http:\/\/www.mertcanpolat.com.tr\/dev\/wp-json\/wp\/v2\/users\/1"}],"replies":[{"embeddable":true,"href":"http:\/\/www.mertcanpolat.com.tr\/dev\/wp-json\/wp\/v2\/comments?post=5126"}],"version-history":[{"count":0,"href":"http:\/\/www.mertcanpolat.com.tr\/dev\/wp-json\/wp\/v2\/posts\/5126\/revisions"}],"wp:featuredmedia":[{"embeddable":true,"href":"http:\/\/www.mertcanpolat.com.tr\/dev\/wp-json\/wp\/v2\/media\/5127"}],"wp:attachment":[{"href":"http:\/\/www.mertcanpolat.com.tr\/dev\/wp-json\/wp\/v2\/media?parent=5126"}],"wp:term":[{"taxonomy":"category","embeddable":true,"href":"http:\/\/www.mertcanpolat.com.tr\/dev\/wp-json\/wp\/v2\/categories?post=5126"},{"taxonomy":"post_tag","embeddable":true,"href":"http:\/\/www.mertcanpolat.com.tr\/dev\/wp-json\/wp\/v2\/tags?post=5126"}],"curies":[{"name":"wp","href":"https:\/\/api.w.org\/{rel}","templated":true}]}}