{"id":5122,"date":"2017-01-04T17:12:00","date_gmt":"2017-01-04T17:12:00","guid":{"rendered":"http:\/\/www.mertcanpolat.com.tr\/dev\/index.php\/2017\/01\/04\/yurtlara-yangin-egitimi\/"},"modified":"2017-01-04T17:12:00","modified_gmt":"2017-01-04T17:12:00","slug":"yurtlara-yangin-egitimi","status":"publish","type":"post","link":"http:\/\/www.mertcanpolat.com.tr\/dev\/yurtlara-yangin-egitimi\/","title":{"rendered":"YURTLARA YANGIN E\u011e\u0130T\u0130M\u0130"},"content":{"rendered":"<p><b>\u00c7\u0131narc\u0131k Belediyesi \u0130tfaiye Amirli\u011fi, \u00c7\u0131narc\u0131k Elmas K\u0131z \u00d6\u011frenci Yurdu\u2019nda kalan \u00f6\u011frencilere yang\u0131n e\u011fitimi verdi. <\/b>   <\/p>\n<p> <span style=\"font-size:14px;\">\u00c7\u0131narc\u0131k Belediyesi \u0130tfaiye Amirli\u011fi&nbsp; taraf\u0131ndan yang\u0131nlar\u0131n nedenleri, yang\u0131nlara kar\u015f\u0131 al\u0131nacak tedbirler ve yang\u0131n yerinde nas\u0131l davran\u0131lmas\u0131 gerekti\u011fi hakk\u0131nda yurtta kalan \u00f6\u011frencilere bilgi verildi. \u00c7\u0131narc\u0131k Elmas K\u0131z \u00d6\u011frenci Yurdu\u2019nda ger\u00e7ekle\u015ftirilen programda yang\u0131n, yang\u0131na ilk m\u00fcdahale, yang\u0131ndan korunma yollar\u0131, yang\u0131n s\u0131ras\u0131nda do\u011fru tahliye gibi konularda uygulamal\u0131 ve g\u00f6rselleri de i\u00e7eren e\u011fitimler \u00f6\u011frencilere aktar\u0131ld\u0131.<\/span> <\/p>\n<p> <span style=\"font-size:14px;\">E\u011fitime kat\u0131lan \u00f6\u011frencilere yang\u0131n an\u0131nda ve sonras\u0131nda yap\u0131lmas\u0131 gerekenler teorik ve uygulamal\u0131 olarak anlat\u0131ld\u0131. Ayr\u0131ca e\u011fitimler g\u00f6rsel materyaller taraf\u0131ndan desteklenerek, kat\u0131l\u0131mc\u0131lar\u0131n yang\u0131n konusunda bilgi seviyelerinin artmas\u0131 sa\u011fland\u0131.<br \/> Yurt \u00f6\u011frencileri, d\u00fczenlenen e\u011fitim dolay\u0131s\u0131yla \u00c7\u0131narc\u0131k Belediyesi&#8217;ne te\u015fekk\u00fcr etti. Kat\u0131l\u0131mc\u0131lar, e\u011fitimin olas\u0131 yang\u0131n durumlar\u0131nda yap\u0131lacaklar konusunda olduk\u00e7a faydal\u0131 oldu\u011funu aktard\u0131lar.<\/span> <\/p>\n<p> <span style=\"font-size:14px;\">\u00c7\u0131narc\u0131k Belediye Ba\u015fkan\u0131 Avni Kurt konu ile ilgili, \u201c\u0130tfaiye Amirli\u011fi e\u011fitimlere ara vermeden devam edecek. Bu e\u011fitimlerle vatanda\u015flar\u0131m\u0131z\u0131n yang\u0131nlara kar\u015f\u0131 do\u011fru m\u00fcdahale etmek konusunda bilin\u00e7lenmeleri ama\u00e7lan\u0131yor. Personelimiz e\u011fitim program\u0131nda yang\u0131na ilk m\u00fcdahale, yang\u0131ndan korunma yollar\u0131, yang\u0131n s\u0131ras\u0131nda do\u011fru tahliye gibi konularda uygulamal\u0131 ve &nbsp;g\u00f6rsel materyallerle \u00f6\u011frencilerimize bilgi verdiler\u201d dedi.<\/span> <\/p>\n<p>&nbsp;<\/p>\n","protected":false},"excerpt":{"rendered":"<p>\u00c7\u0131narc\u0131k Belediyesi \u0130tfaiye Amirli\u011fi, \u00c7\u0131narc\u0131k Elmas K\u0131z \u00d6\u011frenci Yurdu\u2019nda kalan \u00f6\u011frencilere yang\u0131n e\u011fitimi verdi. \u00c7\u0131narc\u0131k Belediyesi \u0130tfaiye Amirli\u011fi&nbsp; taraf\u0131ndan yang\u0131nlar\u0131n<\/p>\n","protected":false},"author":1,"featured_media":5123,"comment_status":"open","ping_status":"open","sticky":false,"template":"","format":"standard","meta":[],"categories":[1],"tags":[],"_links":{"self":[{"href":"http:\/\/www.mertcanpolat.com.tr\/dev\/wp-json\/wp\/v2\/posts\/5122"}],"collection":[{"href":"http:\/\/www.mertcanpolat.com.tr\/dev\/wp-json\/wp\/v2\/posts"}],"about":[{"href":"http:\/\/www.mertcanpolat.com.tr\/dev\/wp-json\/wp\/v2\/types\/post"}],"author":[{"embeddable":true,"href":"http:\/\/www.mertcanpolat.com.tr\/dev\/wp-json\/wp\/v2\/users\/1"}],"replies":[{"embeddable":true,"href":"http:\/\/www.mertcanpolat.com.tr\/dev\/wp-json\/wp\/v2\/comments?post=5122"}],"version-history":[{"count":0,"href":"http:\/\/www.mertcanpolat.com.tr\/dev\/wp-json\/wp\/v2\/posts\/5122\/revisions"}],"wp:featuredmedia":[{"embeddable":true,"href":"http:\/\/www.mertcanpolat.com.tr\/dev\/wp-json\/wp\/v2\/media\/5123"}],"wp:attachment":[{"href":"http:\/\/www.mertcanpolat.com.tr\/dev\/wp-json\/wp\/v2\/media?parent=5122"}],"wp:term":[{"taxonomy":"category","embeddable":true,"href":"http:\/\/www.mertcanpolat.com.tr\/dev\/wp-json\/wp\/v2\/categories?post=5122"},{"taxonomy":"post_tag","embeddable":true,"href":"http:\/\/www.mertcanpolat.com.tr\/dev\/wp-json\/wp\/v2\/tags?post=5122"}],"curies":[{"name":"wp","href":"https:\/\/api.w.org\/{rel}","templated":true}]}}