{"id":5118,"date":"2017-01-06T17:34:00","date_gmt":"2017-01-06T17:34:00","guid":{"rendered":"http:\/\/www.mertcanpolat.com.tr\/dev\/index.php\/2017\/01\/06\/ciftlikkoy-kavsagi-acildi\/"},"modified":"2017-01-06T17:34:00","modified_gmt":"2017-01-06T17:34:00","slug":"ciftlikkoy-kavsagi-acildi","status":"publish","type":"post","link":"http:\/\/www.mertcanpolat.com.tr\/dev\/ciftlikkoy-kavsagi-acildi\/","title":{"rendered":"\u00c7\u0130FTL\u0130KK\u00d6Y KAV\u015eA\u011eI A\u00c7ILDI"},"content":{"rendered":"<p><b>Yap\u0131m\u0131 tamamlanan \u00c7iftlikk\u00f6y 15 Temmuz \u015eehitler K\u00f6pr\u00fcl\u00fc Kav\u015fa\u011f\u0131 a\u00e7\u0131larak ilk ara\u00e7 ge\u00e7i\u015fi sa\u011fland\u0131<\/b>   <\/p>\n<p> <span style=\"font-size:14px;\">Karayollar\u0131 1.B\u00f6lge M\u00fcd\u00fcrl\u00fc\u011f\u00fc taraf\u0131ndan ihale edilen \u00c7iftlikk\u00f6y 15 Temmuz \u015eehitler kav\u015fa\u011f\u0131nda, ilk ara\u00e7 ge\u00e7i\u015fi yap\u0131ld\u0131. Yalova- Kocaeli aras\u0131 yo\u011fun trafi\u011fe olumlu anlamda katk\u0131 sa\u011flayacak olan k\u00f6pr\u00fcl\u00fc kav\u015fak, \u00c7iftlikk\u00f6y\u2019\u00fcn merkezi ile sahilini birle\u015ftirerek il\u00e7eye b\u00fct\u00fcnc\u00fcl bir sahil anlay\u0131\u015f\u0131 kazand\u0131racak. Ad\u0131n\u0131 \u00c7iftlikk\u00f6y Belediye Ba\u015fkan\u0131 Ali Murat Silpagar\u2019\u0131n a\u00e7\u0131klad\u0131\u011f\u0131 15 Temmuz \u015eehitler K\u00f6pr\u00fcl\u00fc Kav\u015fa\u011f\u0131\u2019nda \u00e7ift tarafl\u0131 ara\u00e7 ge\u00e7i\u015flerine ba\u015fland\u0131.<\/span> <\/p>\n<p> <span style=\"font-size:14px;\">\u00c7iftlikk\u00f6y Kaymakam\u0131 Cengiz Karabulut, AK Parti \u0130l Ba\u015fkan\u0131 Yusuf Ziya \u00d6ztabak, \u00c7iftlikk\u00f6y Belediye Ba\u015fkan\u0131 Ali Murat Silpagar, AK Parti \u0130l\u00e7e Ba\u015fkan\u0131 Feridun \u00dcnl\u00fc, AK Parti il ve il\u00e7e y\u00f6neticileri, \u00c7iftlikk\u00f6y Belediyesi Meclis \u00dcyeleri, \u00c7iftlikk\u00f6y Belediye Ba\u015fkan Yard\u0131mc\u0131lar\u0131n\u0131n yan\u0131 s\u0131ra \u00e7ok say\u0131da vatanda\u015f a\u00e7\u0131l\u0131\u015fa kat\u0131larak ara\u00e7lar\u0131yla 15 Temmuz \u015eehitler K\u00f6pr\u00fcl\u00fc Kav\u015fa\u011f\u0131\u2019ndan ge\u00e7i\u015f sa\u011flad\u0131lar.<\/span> <\/p>\n<p> <span style=\"font-size:14px;\"> <strong>G\u00fcvenli ge\u00e7i\u015fler sa\u011flayacak<img alt=\"\" src=\"http:\/\/ajansyalova.com\/Images\/Thumbs\/Editor\/5837-ciftlikkoykavsagi.jpeg\" style=\"border-width: 2px; border-style: solid; margin: 2px; float: right; width: 700px; height: 329px;\" \/> <\/strong> <\/span> <\/p>\n<p> <span style=\"font-size:14px;\">\u00c7iftlikk\u00f6y Belediye Ba\u015fkan\u0131 Ali Murat Silpagar a\u00e7\u0131l\u0131\u015f \u00f6ncesi bir konu\u015fma ger\u00e7ekle\u015ftirerek 15 Temmuz \u015eehitler Kav\u015fa\u011f\u0131\u2019n\u0131n ara\u00e7 ge\u00e7i\u015f a\u00e7\u0131l\u0131\u015f\u0131n\u0131n ger\u00e7ekle\u015fmesinden dolay\u0131 mutlu olduklar\u0131n\u0131 dile getirerek, bundan sonraki a\u015famada k\u00f6pr\u00fcl\u00fc kav\u015fa\u011f\u0131n geri kalan i\u015flerinin kademe kademe devam edece\u011fini ifade etti. Silpagar, \u201cBu k\u00f6pr\u00fcl\u00fc kav\u015fa\u011f\u0131n proje \u00e7al\u0131\u015fmalar\u0131 belediyemiz taraf\u0131ndan ger\u00e7ekle\u015ftirilip bedeli taraf\u0131m\u0131zca kar\u015f\u0131land\u0131. Toplam 7 Milyon liraya mal olan k\u00f6pr\u00fcl\u00fc kav\u015fak yan yol ve ba\u011flant\u0131 yollar\u0131yla 2 km uzunlu\u011fa sahip. K\u00f6pr\u00fcs\u00fc ise 135 m. uzunlukta. T\u00fcm \u00c7iftlikk\u00f6yl\u00fc halk\u0131m\u0131za hay\u0131rl\u0131 u\u011furlu olsun. Bir s\u00f6z\u00fcm\u00fcz\u00fc daha ger\u00e7ekle\u015ftirdik. Art\u0131k bu \u00f6l\u00fcm kav\u015fa\u011f\u0131nda ara\u00e7lar g\u00fcvenli bir \u015fekilde ge\u00e7i\u015f sa\u011flayacaklar\u201d dedi.<\/span> <\/p>\n<p>&nbsp;<\/p>\n","protected":false},"excerpt":{"rendered":"<p>Yap\u0131m\u0131 tamamlanan \u00c7iftlikk\u00f6y 15 Temmuz \u015eehitler K\u00f6pr\u00fcl\u00fc Kav\u015fa\u011f\u0131 a\u00e7\u0131larak ilk ara\u00e7 ge\u00e7i\u015fi sa\u011fland\u0131 Karayollar\u0131 1.B\u00f6lge M\u00fcd\u00fcrl\u00fc\u011f\u00fc taraf\u0131ndan ihale edilen \u00c7iftlikk\u00f6y<\/p>\n","protected":false},"author":1,"featured_media":5119,"comment_status":"open","ping_status":"open","sticky":false,"template":"","format":"standard","meta":[],"categories":[1],"tags":[],"_links":{"self":[{"href":"http:\/\/www.mertcanpolat.com.tr\/dev\/wp-json\/wp\/v2\/posts\/5118"}],"collection":[{"href":"http:\/\/www.mertcanpolat.com.tr\/dev\/wp-json\/wp\/v2\/posts"}],"about":[{"href":"http:\/\/www.mertcanpolat.com.tr\/dev\/wp-json\/wp\/v2\/types\/post"}],"author":[{"embeddable":true,"href":"http:\/\/www.mertcanpolat.com.tr\/dev\/wp-json\/wp\/v2\/users\/1"}],"replies":[{"embeddable":true,"href":"http:\/\/www.mertcanpolat.com.tr\/dev\/wp-json\/wp\/v2\/comments?post=5118"}],"version-history":[{"count":0,"href":"http:\/\/www.mertcanpolat.com.tr\/dev\/wp-json\/wp\/v2\/posts\/5118\/revisions"}],"wp:featuredmedia":[{"embeddable":true,"href":"http:\/\/www.mertcanpolat.com.tr\/dev\/wp-json\/wp\/v2\/media\/5119"}],"wp:attachment":[{"href":"http:\/\/www.mertcanpolat.com.tr\/dev\/wp-json\/wp\/v2\/media?parent=5118"}],"wp:term":[{"taxonomy":"category","embeddable":true,"href":"http:\/\/www.mertcanpolat.com.tr\/dev\/wp-json\/wp\/v2\/categories?post=5118"},{"taxonomy":"post_tag","embeddable":true,"href":"http:\/\/www.mertcanpolat.com.tr\/dev\/wp-json\/wp\/v2\/tags?post=5118"}],"curies":[{"name":"wp","href":"https:\/\/api.w.org\/{rel}","templated":true}]}}