{"id":5116,"date":"2017-01-19T17:48:00","date_gmt":"2017-01-19T17:48:00","guid":{"rendered":"http:\/\/www.mertcanpolat.com.tr\/dev\/index.php\/2017\/01\/19\/korfezde-cevre-faciasi\/"},"modified":"2017-01-19T17:48:00","modified_gmt":"2017-01-19T17:48:00","slug":"korfezde-cevre-faciasi","status":"publish","type":"post","link":"http:\/\/www.mertcanpolat.com.tr\/dev\/korfezde-cevre-faciasi\/","title":{"rendered":"K\u00d6RFEZDE \u00c7EVRE FAC\u0130ASI"},"content":{"rendered":"<p><b>Kocaeli\u2019nin Dilovas\u0131 \u0130l\u00e7esi\u2019nde limandan s\u0131zan yak\u0131t, r\u00fczg\u00e2r\u0131n etkisiyle Yalova\u2019da Hersek k\u0131y\u0131lar\u0131na kadar ula\u015ft\u0131. Binlerce ku\u015fun bulundu\u011fu Hersek Lag\u00fcn\u00fc de faciadan az daha nasibini al\u0131yordu. Ekiplerin yapt\u0131\u011f\u0131 \u00e7al\u0131\u015fmayla \u2018ku\u015f cenneti\u2019 olarak adland\u0131r\u0131lan g\u00f6lde b\u00fcy\u00fck bir katliam\u0131n \u00f6n\u00fcne ge\u00e7ildi.<\/b>   <\/p>\n<p> <span style=\"font-size:14px;\">Kocaeli\u2019nde ya\u015fanan s\u0131z\u0131nt\u0131, Yalova\u2019da ku\u015flar\u0131n u\u011frak noktas\u0131 olan ve \u2018ku\u015f oteli\u2019 olarak nitelendirilen Hersek Lag\u00fcn\u00fc\u2019ne kadar ula\u015ft\u0131. S\u0131z\u0131nt\u0131 nedeniyle 30 ku\u015fun telef oldu\u011fu bildirilirken ekiplerin yapt\u0131\u011f\u0131 \u00e7al\u0131\u015fmayla binlerce ku\u015f kurtuldu. Osmangazi K\u00f6pr\u00fcs\u00fc\u2019n\u00fcn hemen yan\u0131 ba\u015f\u0131ndaki Hersek Lag\u00fcn\u00fc\u2019nde Alt\u0131nova Belediyesi, \u00c7evre ve \u015eehircilik \u0130l M\u00fcd\u00fcrl\u00fc\u011f\u00fc, Orman ve Su \u0130\u015fleri M\u00fcd\u00fcrl\u00fc\u011f\u00fc eliyle y\u00fcr\u00fct\u00fclen \u00e7al\u0131\u015fmalarla b\u00fcy\u00fck bir katliam\u0131n \u00f6n\u00fcne ge\u00e7ildi.<\/span> <\/p>\n<p> <span style=\"font-size:14px;\"> <strong>6 kilometrelik sahil \u015feridi etkilendi<\/strong> <\/span> <\/p>\n<p> <span style=\"font-size:14px;\">Kocaeli\u2019nde meydana gelen s\u0131z\u0131nt\u0131dan yakla\u015f\u0131k 6 kilometrelik sahil \u015feridinin etkilendi\u011fini belirten Alt\u0131nova Belediye Ba\u015fkan\u0131 Metin Oral, binlerce ku\u015fun konaklad\u0131\u011f\u0131 Hersek Lag\u00fcn\u00fc\u2019n\u00fcn ise b\u00fcy\u00fck bir faciadan k\u0131lpay\u0131 kurtuldu\u011funu s\u00f6yledi. T\u00fcm tedbirleri ald\u0131klar\u0131n\u0131 s\u00f6yleyen Oral, \u015f\u00f6yle konu\u015ftu:<\/span> <\/p>\n<p> <span style=\"font-size:14px;\">\u201cBiz t\u00fcm tedbirlerimizi ald\u0131k. Ba\u015fta hem Yalova Valili\u011fimiz, \u00c7evre ve \u015eehircilik \u0130l M\u00fcd\u00fcrl\u00fc\u011f\u00fcm\u00fcz, Orman ve Su \u0130\u015fleri M\u00fcd\u00fcrl\u00fc\u011f\u00fcm\u00fcz ve buradaki t\u00fcm personel arkada\u015flar\u0131m\u0131z, belediye, veterinerlik personelimiz, zab\u0131tam\u0131z el birli\u011fiyle g\u00fczel bir i\u015fbirli\u011fiyle tehlikeyi b\u00fcy\u00fcmeden bertaraf ettiler. \u015eimdi de buran\u0131n temizli\u011fini yap\u0131yorlar. A\u00e7\u0131k\u00e7as\u0131 g\u00f6l\u00fcm\u00fcz biliyorsunuz bizim i\u00e7in \u00e7ok \u00f6nemli. G\u00f6l\u00fcm\u00fcz, ku\u015f cenneti. \u015eu anda ku\u015flar\u0131m\u0131z, misafirlerimiz var. Onlar\u0131n etkilenmemesi bizim i\u00e7in \u00f6nemliydi\u201d<\/span> <\/p>\n<p> <span style=\"font-size:14px;\"> <strong>100 ki\u015fi \u00e7al\u0131\u015f\u0131yor<img alt=\"\" src=\"http:\/\/ajansyalova.com\/Images\/Thumbs\/Editor\/5840-hersekcevrefaciasi.jpeg\" style=\"border-width: 2px; border-style: solid; margin: 2px; float: right; width: 750px; height: 498px;\" \/> <\/strong> <\/span> <\/p>\n<p> <span style=\"font-size:14px;\">G\u00f6lde \u015fu anda flamingodan ku\u011fulara binlerce ku\u015fun bulundu\u011funu, zarar\u0131n hafif atlat\u0131ld\u0131\u011f\u0131n\u0131 kaydeden Oral, \u201cDaha b\u00fcy\u00fck bir facia olabilirdi. \u015eimdi arkada\u015flar\u0131m\u0131z temizlik i\u015flerini yap\u0131yorlar. Sahil \u015feridinin 4 kilometrelik k\u0131sm\u0131 temizlendi. \u00c7ok az bir yer kald\u0131. R\u00fczg\u00e2rla, dalga vas\u0131tas\u0131yla buraya kadar geldi. 100\u2019e yak\u0131n arkada\u015f\u0131m\u0131z \u00e7al\u0131\u015f\u0131yor. 3 g\u00fcnd\u00fcr burada \u00e7al\u0131\u015fma yap\u0131yoruz. \u0130n\u015fallah 1-2 g\u00fcn i\u00e7erisinde de tam temizlenmi\u015f, toparlanm\u0131\u015f olacak. Bizim i\u00e7in g\u00fczel taraf\u0131 g\u00f6l\u00fcm\u00fcze fazla yans\u0131madan bu i\u015fi k\u0131y\u0131lar\u0131m\u0131zda da temizleyerek halletmi\u015f olaca\u011f\u0131z. Arkada\u015flar\u0131m\u0131z zor \u015fartlarda \u00e7al\u0131\u015ft\u0131lar. \u00d6zellikle g\u00f6l ile denizin birle\u015fti\u011fi alandaki \u015fartlar biraz zor. Bu zor \u015fartlarda g\u00fczel bir \u00e7al\u0131\u015fma yapt\u0131 arkada\u015flar. Onlara te\u015fekk\u00fcr ediyoruz\u201d diye konu\u015ftu.<\/span> <\/p>\n<p> <span style=\"font-size:14px;\"> <strong> <img alt=\"\" src=\"http:\/\/ajansyalova.com\/Images\/Thumbs\/Editor\/5841-hersekcevrefaciasi2.jpeg\" style=\"border-width: 2px; border-style: solid; margin: 2px; float: left; width: 407px; height: 450px;\" \/>30 ku\u015f telef oldu<\/strong> <\/span> <\/p>\n<p> <span style=\"font-size:14px;\">Hersek\u2019te 70 ku\u015fun bu s\u0131z\u0131nt\u0131dan etkilendi\u011fini s\u00f6yleyen Ba\u015fkan Oral, \u201cElimizdeki bilgiye g\u00f6re 70 ku\u015fumuz etkilendi. A\u011f\u0131rl\u0131kl\u0131 karabatak. Bunlar\u0131n 40 tanesi \u015fu anda bak\u0131m halinde. 30\u2019a yak\u0131n\u0131 da telef oldu. Tabi buradaki ku\u015f say\u0131s\u0131na bakt\u0131\u011f\u0131m\u0131z zaman \u00e7ok ku\u015fun etkilenmemesi bizi sevindirdi. Bu 70 ku\u015fun bir k\u0131sm\u0131 da burada etkilenen de\u011fil de di\u011fer taraftan etkilenerek buraya gelenler \u00e7\u00fcnk\u00fc g\u00f6l\u00fcn i\u00e7erisinde \u015fu an s\u0131z\u0131nt\u0131y\u0131 engellenmi\u015f durumday\u0131z. O y\u00f6nden de \u015fansl\u0131y\u0131z. Hersek Lag\u00fcn\u00fc kontrol alt\u0131nda. Bir-iki g\u00fcn i\u00e7erisinde de bitirece\u011fiz. Hersek Lag\u00fcn\u00fc\u2019ndeki \u00e7al\u0131\u015fma son a\u015famaya geldi. Di\u011fer k\u0131y\u0131ya do\u011fru \u00e7al\u0131\u015fmalar\u0131m\u0131z devam ediyor. \u00d6nceli\u011fi Hersek Lag\u00fcn\u00fc\u2019ne verdik. Bizim i\u00e7in \u00f6nemli olan buras\u0131yd\u0131. Burada her \u015fey kontrol alt\u0131nda\u201d dedi.<\/span> <\/p>\n<p>&nbsp;<\/p>\n<p>&nbsp;<\/p>\n<p>&nbsp;<\/p>\n","protected":false},"excerpt":{"rendered":"<p>Kocaeli\u2019nin Dilovas\u0131 \u0130l\u00e7esi\u2019nde limandan s\u0131zan yak\u0131t, r\u00fczg\u00e2r\u0131n etkisiyle Yalova\u2019da Hersek k\u0131y\u0131lar\u0131na kadar ula\u015ft\u0131. Binlerce ku\u015fun bulundu\u011fu Hersek Lag\u00fcn\u00fc de faciadan<\/p>\n","protected":false},"author":1,"featured_media":5117,"comment_status":"open","ping_status":"open","sticky":false,"template":"","format":"standard","meta":[],"categories":[1],"tags":[],"_links":{"self":[{"href":"http:\/\/www.mertcanpolat.com.tr\/dev\/wp-json\/wp\/v2\/posts\/5116"}],"collection":[{"href":"http:\/\/www.mertcanpolat.com.tr\/dev\/wp-json\/wp\/v2\/posts"}],"about":[{"href":"http:\/\/www.mertcanpolat.com.tr\/dev\/wp-json\/wp\/v2\/types\/post"}],"author":[{"embeddable":true,"href":"http:\/\/www.mertcanpolat.com.tr\/dev\/wp-json\/wp\/v2\/users\/1"}],"replies":[{"embeddable":true,"href":"http:\/\/www.mertcanpolat.com.tr\/dev\/wp-json\/wp\/v2\/comments?post=5116"}],"version-history":[{"count":0,"href":"http:\/\/www.mertcanpolat.com.tr\/dev\/wp-json\/wp\/v2\/posts\/5116\/revisions"}],"wp:featuredmedia":[{"embeddable":true,"href":"http:\/\/www.mertcanpolat.com.tr\/dev\/wp-json\/wp\/v2\/media\/5117"}],"wp:attachment":[{"href":"http:\/\/www.mertcanpolat.com.tr\/dev\/wp-json\/wp\/v2\/media?parent=5116"}],"wp:term":[{"taxonomy":"category","embeddable":true,"href":"http:\/\/www.mertcanpolat.com.tr\/dev\/wp-json\/wp\/v2\/categories?post=5116"},{"taxonomy":"post_tag","embeddable":true,"href":"http:\/\/www.mertcanpolat.com.tr\/dev\/wp-json\/wp\/v2\/tags?post=5116"}],"curies":[{"name":"wp","href":"https:\/\/api.w.org\/{rel}","templated":true}]}}