{"id":5108,"date":"2017-01-25T23:00:00","date_gmt":"2017-01-25T23:00:00","guid":{"rendered":"http:\/\/www.mertcanpolat.com.tr\/dev\/index.php\/2017\/01\/25\/ciftlikkoy-ikiye-bolundu\/"},"modified":"2017-01-25T23:00:00","modified_gmt":"2017-01-25T23:00:00","slug":"ciftlikkoy-ikiye-bolundu","status":"publish","type":"post","link":"http:\/\/www.mertcanpolat.com.tr\/dev\/ciftlikkoy-ikiye-bolundu\/","title":{"rendered":"\u00c7\u0130FTL\u0130KK\u00d6Y \u0130K\u0130YE B\u00d6L\u00dcND\u00dc"},"content":{"rendered":"<p><b>\u00c7iftlikk\u00f6y il\u00e7esinde k\u00f6pr\u00fcl\u00fc kav\u015fa\u011f\u0131n a\u00e7\u0131lmas\u0131yla birlikte mahalleler aras\u0131nda ba\u011flant\u0131 sorunu olu\u015ftu. Konuyu Koordinasyon Kurulu\u2019nda Kaymakam Cengiz Karabulut g\u00fcndeme getirirken Vali Tu\u011fba Y\u0131lmaz da Karayollar\u0131 yetkililerinden \u00e7\u00f6z\u00fcm bulunmas\u0131n\u0131 talep etti.<\/b>   <\/p>\n<p> <span style=\"font-size:14px;\">\u00c7iftlikk\u00f6y\u2019de Karayollar\u0131 B\u00f6lge M\u00fcd\u00fcrl\u00fc\u011f\u00fc taraf\u0131ndan \u00d6zdilek Al\u0131\u015fveri\u015f Merkezi ve belediyenin oldu\u011fu b\u00f6lgeye yap\u0131lan k\u00f6pr\u00fcl\u00fc kav\u015fak ge\u00e7ti\u011fimiz g\u00fcnlerde hizmete girmi\u015fti. Kav\u015fa\u011f\u0131n hizmete girmesiyle Sahil Mahallesi ve Mehmet Akif Ersoy Mahallesi aras\u0131nda ge\u00e7i\u015fi sa\u011flayan trafik \u0131\u015f\u0131klar\u0131n\u0131n bulundu\u011fu b\u00f6lge beton bariyerlerle kapat\u0131lm\u0131\u015ft\u0131.<\/span> <\/p>\n<p> <span style=\"font-size:14px;\">Ya\u015fanan s\u0131k\u0131nt\u0131yla ilgili konuyu \u00c7iftlikk\u00f6y Kaymakam\u0131 Cengiz Karabulut, \u0130l Koordinasyon Kurulu\u2019nda g\u00fcndeme getirdi. Karayollar\u0131 B\u00f6lge M\u00fcd\u00fcrl\u00fc\u011f\u00fc yetkililerine s\u0131k\u0131nt\u0131y\u0131 aktaran Kaymakam Karabulut, \u201cK\u00f6pr\u00fcl\u00fc kav\u015fak a\u00e7\u0131ld\u0131ktan sonra ba\u011flant\u0131 problemi olu\u015ftu. Bu problemin \u00e7\u00f6z\u00fcm\u00fc konusunda \u00f6neriler var. Burada ara\u00e7lar i\u00e7in altge\u00e7it gerekiyor. Teknik olarak nas\u0131l olur bilemiyorum. Yayalar i\u00e7in de \u00fcstge\u00e7it yap\u0131lmas\u0131 \u00f6neri olarak geldi. Bu konuda katk\u0131 gelirse Karayollar\u0131 B\u00f6lge M\u00fcd\u00fcrl\u00fc\u011f\u00fc\u2019nden mutlu oluruz\u201d diye konu\u015ftu.<\/span> <\/p>\n<p> <span style=\"font-size:14px;\">Yalova Valisi Tu\u011fba Vali Y\u0131lmaz da ya\u015fanan s\u0131k\u0131nt\u0131n\u0131n b\u00f6lgeye gitti\u011finde kendisine iletildi\u011fini belirtti. Y\u0131lmaz, Karayollar\u0131 B\u00f6lge M\u00fcd\u00fcrl\u00fc\u011f\u00fc\u2019n\u00fcn s\u0131k\u0131nt\u0131ya \u00e7\u00f6z\u00fcm bulmas\u0131n\u0131 talep etti.<\/span> <\/p>\n<p> <span style=\"font-size:14px;\"> <strong>S\u0131k\u0131nt\u0131n\u0131n nedeni<\/strong> <\/span> <\/p>\n<p> <span style=\"font-size:14px;\">\u00c7iftlikk\u00f6y il\u00e7esinde bir s\u00fcre \u00f6nce tamamlanan k\u00f6pr\u00fcl\u00fc kav\u015fak sonras\u0131 Meltem Caddesi\u2019nde bulunan trafik \u0131\u015f\u0131klar\u0131 iptal edilerek ara\u00e7 ve yaya ge\u00e7i\u015fine kapand\u0131. B\u00f6lgeye olas\u0131 ge\u00e7i\u015fleri engellemek i\u00e7in de beton bariyer konuldu. Hal b\u00f6yle olunca Sahil Mahallesi ile Mehmet Akif Ersoy Mahallesi aras\u0131ndaki ara\u00e7 ve yaya ge\u00e7i\u015finin sa\u011fland\u0131\u011f\u0131 tek yer \u00d6zdilek kav\u015fa\u011f\u0131 kald\u0131. \u00d6zellikle banka, pazaryeri ve al\u0131\u015fveri\u015f merkezi gibi \u00f6nemli ihtiya\u00e7lar\u0131n giderildi\u011fi Sahil Mahallesi\u2019ne ge\u00e7i\u015fler Mehmet Akif Ersoy Mahallesi sakinleri i\u00e7in zorla\u015ft\u0131.<\/span> <\/p>\n<p> <span style=\"font-size:14px;\">Bunun yan\u0131nda Meltem Caddesi kav\u015fa\u011f\u0131na konulan beton bariyerlerin \u00fcst\u00fcne \u00e7\u0131karak kar\u015f\u0131dan kar\u015f\u0131ya ge\u00e7meye \u00e7al\u0131\u015fan vatanda\u015flar da b\u00fcy\u00fck tehlike olu\u015fturmaya ba\u015flad\u0131.<\/span> <\/p>\n<p>&nbsp;<\/p>\n","protected":false},"excerpt":{"rendered":"<p>\u00c7iftlikk\u00f6y il\u00e7esinde k\u00f6pr\u00fcl\u00fc kav\u015fa\u011f\u0131n a\u00e7\u0131lmas\u0131yla birlikte mahalleler aras\u0131nda ba\u011flant\u0131 sorunu olu\u015ftu. Konuyu Koordinasyon Kurulu\u2019nda Kaymakam Cengiz Karabulut g\u00fcndeme getirirken Vali<\/p>\n","protected":false},"author":1,"featured_media":5109,"comment_status":"open","ping_status":"open","sticky":false,"template":"","format":"standard","meta":[],"categories":[1],"tags":[],"_links":{"self":[{"href":"http:\/\/www.mertcanpolat.com.tr\/dev\/wp-json\/wp\/v2\/posts\/5108"}],"collection":[{"href":"http:\/\/www.mertcanpolat.com.tr\/dev\/wp-json\/wp\/v2\/posts"}],"about":[{"href":"http:\/\/www.mertcanpolat.com.tr\/dev\/wp-json\/wp\/v2\/types\/post"}],"author":[{"embeddable":true,"href":"http:\/\/www.mertcanpolat.com.tr\/dev\/wp-json\/wp\/v2\/users\/1"}],"replies":[{"embeddable":true,"href":"http:\/\/www.mertcanpolat.com.tr\/dev\/wp-json\/wp\/v2\/comments?post=5108"}],"version-history":[{"count":0,"href":"http:\/\/www.mertcanpolat.com.tr\/dev\/wp-json\/wp\/v2\/posts\/5108\/revisions"}],"wp:featuredmedia":[{"embeddable":true,"href":"http:\/\/www.mertcanpolat.com.tr\/dev\/wp-json\/wp\/v2\/media\/5109"}],"wp:attachment":[{"href":"http:\/\/www.mertcanpolat.com.tr\/dev\/wp-json\/wp\/v2\/media?parent=5108"}],"wp:term":[{"taxonomy":"category","embeddable":true,"href":"http:\/\/www.mertcanpolat.com.tr\/dev\/wp-json\/wp\/v2\/categories?post=5108"},{"taxonomy":"post_tag","embeddable":true,"href":"http:\/\/www.mertcanpolat.com.tr\/dev\/wp-json\/wp\/v2\/tags?post=5108"}],"curies":[{"name":"wp","href":"https:\/\/api.w.org\/{rel}","templated":true}]}}