{"id":5104,"date":"2017-01-27T23:59:00","date_gmt":"2017-01-27T23:59:00","guid":{"rendered":"http:\/\/www.mertcanpolat.com.tr\/dev\/index.php\/2017\/01\/27\/gecmisten-ders-alalim\/"},"modified":"2017-01-27T23:59:00","modified_gmt":"2017-01-27T23:59:00","slug":"gecmisten-ders-alalim","status":"publish","type":"post","link":"http:\/\/www.mertcanpolat.com.tr\/dev\/gecmisten-ders-alalim\/","title":{"rendered":"GE\u00c7M\u0130\u015eTEN DERS ALALIM"},"content":{"rendered":"<p><b>Yalova \u0130l Genel Meclisi CHP Grup S\u00f6zc\u00fcs\u00fc Bahar Do\u011fan, 1\/50 binlik \u00e7evre d\u00fczeni plan\u0131 yap\u0131l\u0131rken ge\u00e7mi\u015ften ders al\u0131nmas\u0131 gerekti\u011fini s\u00f6yledi. Do\u011fan, \u201cYalova\u2019y\u0131 kimyasal madde tehlikesinden kurtarm\u0131\u015ft\u0131k. Bunu unutmayal\u0131m. Ge\u00e7mi\u015ften ders alal\u0131m\u201d dedi<\/b>   <\/p>\n<p> <span style=\"font-size:14px;\">CHP\u2019li meclis \u00fcyesi Bahar Do\u011fan, 1\/50 Binlik \u00c7evre D\u00fczeni Plan\u0131 yap\u0131l\u0131rken ge\u00e7mi\u015ften ders al\u0131nmas\u0131 gerekti\u011fini s\u00f6yledi. Do\u011fan, \u201cSanayi; ekonomi ve istihdam i\u00e7in \u00e7ok \u00f6nemli olmakla birlikte, \u015fehirleri tehdit eden \u00e7evresel riskleri de beraberinde getirir. Yalova; denizi, do\u011fal g\u00fczellikleri, uluslararas\u0131 ula\u015f\u0131m kolayl\u0131\u011f\u0131 ile d\u00fcnyan\u0131n en nadide, en tercih edilen ve en fazla g\u00f6\u00e7 alan \u015fehirlerinden biridir. Gerek 50 bin \u00f6l\u00e7ekli gerekse uygulama imar plan\u0131nda ge\u00e7mi\u015ften ders al\u0131nmal\u0131, ge\u00e7mi\u015fteki hatalar yap\u0131lmamal\u0131d\u0131r. Yalova; \u00e7ok iyi ve do\u011fru planlanmal\u0131d\u0131r. Plan, sa\u011fl\u0131kl\u0131 ve g\u00fcvenli bir \u00e7evre olu\u015fturmal\u0131d\u0131r\u201d diye konu\u015ftu.<\/span> <\/p>\n<p> <span style=\"font-size:14px;\"> <strong>2010 y\u0131l\u0131nda Vopak\u2019\u0131n giri\u015fimini hat\u0131rlatt\u0131<\/strong> <\/span> <\/p>\n<p> <span style=\"font-size:14px;\">2010 y\u0131l\u0131nda Vopak firmas\u0131 taraf\u0131ndan Yalova\u2019ya yap\u0131lmak istenen kimyasal depolama tesislerini hat\u0131rlatan Do\u011fan, \u201cGe\u00e7mi\u015ften tecr\u00fcbe, ders alal\u0131m. Ta\u015fk\u00f6pr\u00fc\u2019de 150 tankta, 710.000 m3, 39 \u00e7e\u015fit kimyasal madde depolamak i\u00e7in tank \u00e7iftli\u011fi kurmak istediler. Kurulsayd\u0131 40 kilometre etraf\u0131 risk alt\u0131dayd\u0131. Bakanl\u0131k kimyasal depolama plan\u0131n\u0131 onayl\u0131yor. Zaman\u0131n Ta\u015fk\u00f6pr\u00fc Belediye Ba\u015fkan\u0131 \u015eaban Ertan ve AKP\u2019li Belediye Meclis \u00dcyeleri de duruma zaten d\u00fcnden raz\u0131. Bu nedenle Ta\u015fk\u00f6pr\u00fc\u2019de bilhassa sanayi ile ilgili al\u0131nacak imar kararlar\u0131 \u00e7ok \u00f6nemli. Bu kararlar t\u00fcm Yalova\u2019y\u0131 vezir de eder rezil de\u201d dedi.<\/span> <\/p>\n<p> <span style=\"font-size:14px;\"> <strong>\u201cYalova etraf\u0131ndaki il\u00e7eler de riskten kurtuldu\u201d<\/strong> <\/span> <\/p>\n<p> <span style=\"font-size:14px;\">Kimyasal depolama tanklar\u0131n\u0131n Yalova\u2019ya kurulmas\u0131n\u0131 engellediklerini s\u00f6yleyen Do\u011fan, \u201cVerdi\u011fim \u00f6nergeler sonucu \u0130l Genel Meclisi, projenin T\u00dcB\u0130TAK\u2019a inceletilmesi karar\u0131 ald\u0131. T\u00dcB\u0130TAK \u201ckurulacak tanklar\u0131n 40 km etraf\u0131nda yerle\u015fim alan\u0131 olmaz\u201d dedi. Ve bu tanklar\u0131n kurulmas\u0131n\u0131 isteyen herkes geri ad\u0131m atmak zorunda kald\u0131. Meclisler \u0130mar Plan\u0131 karar\u0131 ald\u0131. Yalova d\u0131\u015f\u0131nda kom\u015fu il\u00e7eler de kurtuldu.<\/span> <\/p>\n<p> <span style=\"font-size:14px;\">06.01.2011 tarihinde \u0130l Genel Meclis \u00dcyesi olarak Bahar Do\u011fan imzal\u0131 1\/25000 \u00f6l\u00e7ekli imar plan\u0131na \u201cticari ama\u00e7l\u0131 (kat\u0131, s\u0131v\u0131, gaz) kimyasal maddelerin depolanaca\u011f\u0131 terminaller yap\u0131lamaz\u201d \u015feklinde plana notu karar\u0131 al\u0131nmas\u0131 i\u00e7in \u00f6nerge verdim. Ayn\u0131 \u00f6nergeyi Yalova Belediyesi CHP\u2019li Belediye Meclis \u00fcyelerine de verdirdim. Meclisler ayn\u0131 g\u00fcn talebimiz do\u011frultusunda karar ald\u0131. T\u00fcm Yalova d\u0131\u015f\u0131nda, 40 km alan i\u00e7inde kalan Dar\u0131ca, Karam\u00fcrsel, Orhangazi, \u0130znik ve Gemlik \u0130l\u00e7eleri de riskten kurtulmu\u015f oldu\u201d \u015feklinde konu\u015ftu.<\/span> <\/p>\n<p>&nbsp;<\/p>\n<p>&nbsp;<\/p>\n<p>&nbsp;<\/p>\n<p>&nbsp;<\/p>\n<p>&nbsp;<\/p>\n<p>&nbsp;<\/p>\n<p>&nbsp;<\/p>\n<p>&nbsp;<\/p>\n","protected":false},"excerpt":{"rendered":"<p>Yalova \u0130l Genel Meclisi CHP Grup S\u00f6zc\u00fcs\u00fc Bahar Do\u011fan, 1\/50 binlik \u00e7evre d\u00fczeni plan\u0131 yap\u0131l\u0131rken ge\u00e7mi\u015ften ders al\u0131nmas\u0131 gerekti\u011fini s\u00f6yledi.<\/p>\n","protected":false},"author":1,"featured_media":5105,"comment_status":"open","ping_status":"open","sticky":false,"template":"","format":"standard","meta":[],"categories":[1],"tags":[],"_links":{"self":[{"href":"http:\/\/www.mertcanpolat.com.tr\/dev\/wp-json\/wp\/v2\/posts\/5104"}],"collection":[{"href":"http:\/\/www.mertcanpolat.com.tr\/dev\/wp-json\/wp\/v2\/posts"}],"about":[{"href":"http:\/\/www.mertcanpolat.com.tr\/dev\/wp-json\/wp\/v2\/types\/post"}],"author":[{"embeddable":true,"href":"http:\/\/www.mertcanpolat.com.tr\/dev\/wp-json\/wp\/v2\/users\/1"}],"replies":[{"embeddable":true,"href":"http:\/\/www.mertcanpolat.com.tr\/dev\/wp-json\/wp\/v2\/comments?post=5104"}],"version-history":[{"count":0,"href":"http:\/\/www.mertcanpolat.com.tr\/dev\/wp-json\/wp\/v2\/posts\/5104\/revisions"}],"wp:featuredmedia":[{"embeddable":true,"href":"http:\/\/www.mertcanpolat.com.tr\/dev\/wp-json\/wp\/v2\/media\/5105"}],"wp:attachment":[{"href":"http:\/\/www.mertcanpolat.com.tr\/dev\/wp-json\/wp\/v2\/media?parent=5104"}],"wp:term":[{"taxonomy":"category","embeddable":true,"href":"http:\/\/www.mertcanpolat.com.tr\/dev\/wp-json\/wp\/v2\/categories?post=5104"},{"taxonomy":"post_tag","embeddable":true,"href":"http:\/\/www.mertcanpolat.com.tr\/dev\/wp-json\/wp\/v2\/tags?post=5104"}],"curies":[{"name":"wp","href":"https:\/\/api.w.org\/{rel}","templated":true}]}}