{"id":5102,"date":"2017-02-03T00:08:00","date_gmt":"2017-02-03T00:08:00","guid":{"rendered":"http:\/\/www.mertcanpolat.com.tr\/dev\/index.php\/2017\/02\/03\/bosnali-kardes-okul-ciftlikkoyde\/"},"modified":"2017-02-03T00:08:00","modified_gmt":"2017-02-03T00:08:00","slug":"bosnali-kardes-okul-ciftlikkoyde","status":"publish","type":"post","link":"http:\/\/www.mertcanpolat.com.tr\/dev\/bosnali-kardes-okul-ciftlikkoyde\/","title":{"rendered":"BOSNALI KARDE\u015e OKUL \u00c7\u0130FTL\u0130KK\u00d6Y&#39;DE"},"content":{"rendered":"<p><b>Karde\u015f Okul Projesi kapsam\u0131nda \u00c7iftlikk\u00f6y\u2019e gelen Lukavac Grad Ortaokulu\u2019nun 27 ki\u015filik \u00f6\u011frenci heyeti \u00c7iftlikk\u00f6y \u015eehit Abdulhamit Kaya \u0130mam Hatip Ortaokulu ve \u00c7iftlikk\u00f6y Belediyesi taraf\u0131ndan misafir ediliyor.<\/b>   <\/p>\n<p> <span style=\"font-size:14px;\">Bosna Hersek\u2019in Tuzla Kantonu Lukavac kentinden gelen Bo\u015fnak \u00f6\u011frenciler, 4 g\u00fcn boyunca \u00c7iftlikk\u00f6y\u2019\u00fcn konu\u011fu olacak. \u00d6zdilek AVM\u2019de \u00c7iftlikk\u00f6y Belediyesi K\u00fclt\u00fcr ve Sosyal \u0130\u015fler M\u00fcd\u00fcrl\u00fc\u011f\u00fc\u2019nce ho\u015f geldin yeme\u011fi ile a\u011f\u0131rlanan Bosnal\u0131 \u00f6\u011frenci heyetine \u00c7iftlikk\u00f6y \u015eehit Abdulhamit Kaya \u0130mam Hatip Ortaokulu M\u00fcd\u00fcr\u00fc Hasan Akp\u0131nar da nezaret etti.<\/span> <\/p>\n<p> <span style=\"font-size:14px;\">Karde\u015f okul projesi kapsam\u0131nda \u00c7iftlikk\u00f6y\u2019de bulunmaktan \u00e7ok mutlu olduklar\u0131n\u0131 dile getiren Lukavac Grad Ortaokulu M\u00fcdiresi Alima Avdic, \u201cDaha \u00f6nce \u00c7iftlikk\u00f6y \u015eehit Abdulhamit Kaya \u0130mam Hatip Ortaokulu ekibi okulumuza ziyaret ger\u00e7ekle\u015ftirmi\u015fti. Biz de iade-i ziyarette bulunduk. Burada oldu\u011fumuz s\u00fcre i\u00e7inde Yalova, \u00c7iftlikk\u00f6y, Termal, Bursa ve \u0130stanbul\u2019daki tarihi ve k\u00fclt\u00fcrel de\u011ferleri yerinde g\u00f6rece\u011fiz\u201d diye konu\u015ftu. \u00c7iftlikk\u00f6y Belediyesi K\u00fclt\u00fcr ve Sosyal \u0130\u015fler M\u00fcd\u00fcr Vekili Semra Tepe Cesur da, \u00c7iftlikk\u00f6y Belediyesi olarak konuk ekibin en iyi \u015fekilde a\u011f\u0131rlanmas\u0131 i\u00e7in ellerinden gelen deste\u011fi vereceklerini ifade etti. Bosnal\u0131 \u00f6\u011frenciler \u00fclkelerine d\u00f6nmeden \u00f6nce \u00c7iftlikk\u00f6y Belediye Ba\u015fkan\u0131 Ali Murat Silpagar\u2019la da bir araya gelecek.<\/span> <\/p>\n","protected":false},"excerpt":{"rendered":"<p>Karde\u015f Okul Projesi kapsam\u0131nda \u00c7iftlikk\u00f6y\u2019e gelen Lukavac Grad Ortaokulu\u2019nun 27 ki\u015filik \u00f6\u011frenci heyeti \u00c7iftlikk\u00f6y \u015eehit Abdulhamit Kaya \u0130mam Hatip Ortaokulu<\/p>\n","protected":false},"author":1,"featured_media":5103,"comment_status":"open","ping_status":"open","sticky":false,"template":"","format":"standard","meta":[],"categories":[1],"tags":[],"_links":{"self":[{"href":"http:\/\/www.mertcanpolat.com.tr\/dev\/wp-json\/wp\/v2\/posts\/5102"}],"collection":[{"href":"http:\/\/www.mertcanpolat.com.tr\/dev\/wp-json\/wp\/v2\/posts"}],"about":[{"href":"http:\/\/www.mertcanpolat.com.tr\/dev\/wp-json\/wp\/v2\/types\/post"}],"author":[{"embeddable":true,"href":"http:\/\/www.mertcanpolat.com.tr\/dev\/wp-json\/wp\/v2\/users\/1"}],"replies":[{"embeddable":true,"href":"http:\/\/www.mertcanpolat.com.tr\/dev\/wp-json\/wp\/v2\/comments?post=5102"}],"version-history":[{"count":0,"href":"http:\/\/www.mertcanpolat.com.tr\/dev\/wp-json\/wp\/v2\/posts\/5102\/revisions"}],"wp:featuredmedia":[{"embeddable":true,"href":"http:\/\/www.mertcanpolat.com.tr\/dev\/wp-json\/wp\/v2\/media\/5103"}],"wp:attachment":[{"href":"http:\/\/www.mertcanpolat.com.tr\/dev\/wp-json\/wp\/v2\/media?parent=5102"}],"wp:term":[{"taxonomy":"category","embeddable":true,"href":"http:\/\/www.mertcanpolat.com.tr\/dev\/wp-json\/wp\/v2\/categories?post=5102"},{"taxonomy":"post_tag","embeddable":true,"href":"http:\/\/www.mertcanpolat.com.tr\/dev\/wp-json\/wp\/v2\/tags?post=5102"}],"curies":[{"name":"wp","href":"https:\/\/api.w.org\/{rel}","templated":true}]}}