{"id":5100,"date":"2017-02-03T00:30:00","date_gmt":"2017-02-03T00:30:00","guid":{"rendered":"http:\/\/www.mertcanpolat.com.tr\/dev\/index.php\/2017\/02\/03\/tokide-roman-mahallesi-zirvesi\/"},"modified":"2017-02-03T00:30:00","modified_gmt":"2017-02-03T00:30:00","slug":"tokide-roman-mahallesi-zirvesi","status":"publish","type":"post","link":"http:\/\/www.mertcanpolat.com.tr\/dev\/tokide-roman-mahallesi-zirvesi\/","title":{"rendered":"TOK\u0130&#39;DE ROMAN MAHALLES\u0130 Z\u0130RVES\u0130"},"content":{"rendered":"<p><b>Yalova Belediye Ba\u015fkan\u0131 Vefa Salman ve Ak parti Yalova Milletvekili Fikri Demirel, Roman Mahallesi&#39;ne yap\u0131lacak kentsel d\u00f6n\u00fc\u015f\u00fcm projesi i\u00e7in TOK\u0130&#39;de temaslarda bulundu.<\/b>   <\/p>\n<p> <span style=\"font-size:14px;\">Yalova Belediyesi\u2019nin, Ba\u011flarba\u015f\u0131 (Roman) Mahallesi ile ilgili olarak yapm\u0131\u015f oldu\u011fu kentsel d\u00f6n\u00fc\u015f\u00fcm plan\u0131 \u00c7evre ve \u015eehircilik Bakanl\u0131\u011f\u0131nca ge\u00e7ti\u011fimiz g\u00fcnlerde onaylanm\u0131\u015ft\u0131. Plan\u0131n onaylanmas\u0131 sonras\u0131nda Yalova Milletvekili Fikri Demirel, Yalova Belediye Ba\u015fkan\u0131 Vefa Salman ve Yalova Belediyesi \u0130mar ve \u015eehircilik M\u00fcd\u00fcr\u00fc Kemal Ba\u015f, Toplu Konut \u0130daresi (TOK\u0130) yetkilileri ile projeyle ilgili g\u00f6r\u00fc\u015ft\u00fcler.<\/span> <\/p>\n<p> <span style=\"font-size:14px;\">Ba\u011flarba\u015f\u0131 (Roman) Mahallesi\u2019nin kentsel d\u00f6n\u00fc\u015f\u00fcm planlar\u0131n\u0131n onaylanmas\u0131 sonucu Yalova Belediyesi projenin h\u0131zl\u0131 bir \u015fekilde hayata ge\u00e7irilmesi i\u00e7in \u00e7al\u0131\u015fmalara ba\u015flad\u0131. Yalova Milletvekili Fikri Demirel ve Yalova Belediye Ba\u015fkan\u0131 Vefa Salman, \u00f6nce TOK\u0130 \u0130stanbul \u0130mar Planlama ve Kentsel Yenileme Dairesi Ba\u015fkan\u0131 U\u011fur \u0130nan ile g\u00f6r\u00fc\u015ferek konu hakk\u0131nda detayl\u0131 bilgiler verdiler. Daha sonra TOK\u0130 \u0130daresi Ba\u015fkan Yard\u0131mc\u0131s\u0131 Mehmet \u00d6z\u00e7elik\u2019in de kat\u0131ld\u0131\u011f\u0131 bir toplant\u0131 ger\u00e7ekle\u015ftiren heyet projenin \u00f6nemini TOK\u0130 yetkilileri ile payla\u015ft\u0131lar.<\/span> <\/p>\n<p> <span style=\"font-size:14px;\">\u201cTOK\u0130 olumlu bak\u0131yor\u201d<img loading=\"lazy\" alt=\"\" height=\"289\" src=\"http:\/\/ajansyalova.com\/Images\/Thumbs\/Editor\/5851-tokidegorusme.jpeg\" style=\"border-width: 2px; border-style: solid; margin: 2px; float: right;\" width=\"951\" \/> <\/span> <\/p>\n<p> <span style=\"font-size:14px;\">O b\u00f6lgenin gelece\u011fi i\u00e7in bu projenin \u00e7ok \u00f6nemli oldu\u011funu belirten Ba\u015fkan Vefa Salman; \u201cY\u0131llard\u0131r bu konu Yalova\u2019n\u0131n g\u00fcndeminde. Bu konuda \u00e7e\u015fitli ad\u0131mlar ge\u00e7mi\u015fte at\u0131lsa da ne yaz\u0131k ki sonuca ula\u015ft\u0131r\u0131lamad\u0131. Yalova Belediyesi olarak bu alanda gerekli planlama \u00e7al\u0131\u015fmalar\u0131n\u0131 yapt\u0131k ve bakanl\u0131\u011fa projeyi onaylatt\u0131k. B\u00f6ylelikle ilk ad\u0131m\u0131 atm\u0131\u015f olduk. Say\u0131n milletvekilimiz ile birlikte TOK\u0130 \u0130daresi BBa\u011flant\u0131a\u015fkan Yard\u0131mc\u0131s\u0131 Mehmet \u00d6z\u00e7elik ve TOK\u0130 \u0130stanbul \u0130mar Planlama ve Kentsel Yenileme Dairesi Ba\u015fkan\u0131 U\u011fur \u0130nan ile g\u00f6r\u00fc\u015ft\u00fck. TOK\u0130 projeye olumlu bak\u0131yor. Gerekli verileri kendilerine teslim ettik. Onlarda \u00e7al\u0131\u015fma yapacaklar. Kentsel d\u00f6n\u00fc\u015f\u00fcm ile ilgili s\u00fcre\u00e7 ba\u015flam\u0131\u015f oldu. \u0130n\u015fallah bu b\u00f6lgenin yeniden yap\u0131lanmas\u0131 i\u00e7in en k\u0131sa zamanda start vermi\u015f oluruz\u201d dedi.<\/span> <\/p>\n","protected":false},"excerpt":{"rendered":"<p>Yalova Belediye Ba\u015fkan\u0131 Vefa Salman ve Ak parti Yalova Milletvekili Fikri Demirel, Roman Mahallesi&#39;ne yap\u0131lacak kentsel d\u00f6n\u00fc\u015f\u00fcm projesi i\u00e7in TOK\u0130&#39;de<\/p>\n","protected":false},"author":1,"featured_media":5101,"comment_status":"open","ping_status":"open","sticky":false,"template":"","format":"standard","meta":[],"categories":[1],"tags":[],"_links":{"self":[{"href":"http:\/\/www.mertcanpolat.com.tr\/dev\/wp-json\/wp\/v2\/posts\/5100"}],"collection":[{"href":"http:\/\/www.mertcanpolat.com.tr\/dev\/wp-json\/wp\/v2\/posts"}],"about":[{"href":"http:\/\/www.mertcanpolat.com.tr\/dev\/wp-json\/wp\/v2\/types\/post"}],"author":[{"embeddable":true,"href":"http:\/\/www.mertcanpolat.com.tr\/dev\/wp-json\/wp\/v2\/users\/1"}],"replies":[{"embeddable":true,"href":"http:\/\/www.mertcanpolat.com.tr\/dev\/wp-json\/wp\/v2\/comments?post=5100"}],"version-history":[{"count":0,"href":"http:\/\/www.mertcanpolat.com.tr\/dev\/wp-json\/wp\/v2\/posts\/5100\/revisions"}],"wp:featuredmedia":[{"embeddable":true,"href":"http:\/\/www.mertcanpolat.com.tr\/dev\/wp-json\/wp\/v2\/media\/5101"}],"wp:attachment":[{"href":"http:\/\/www.mertcanpolat.com.tr\/dev\/wp-json\/wp\/v2\/media?parent=5100"}],"wp:term":[{"taxonomy":"category","embeddable":true,"href":"http:\/\/www.mertcanpolat.com.tr\/dev\/wp-json\/wp\/v2\/categories?post=5100"},{"taxonomy":"post_tag","embeddable":true,"href":"http:\/\/www.mertcanpolat.com.tr\/dev\/wp-json\/wp\/v2\/tags?post=5100"}],"curies":[{"name":"wp","href":"https:\/\/api.w.org\/{rel}","templated":true}]}}