{"id":5098,"date":"2017-02-03T00:37:00","date_gmt":"2017-02-03T00:37:00","guid":{"rendered":"http:\/\/www.mertcanpolat.com.tr\/dev\/index.php\/2017\/02\/03\/kirim-turklerinden-silpagara-ziyaret\/"},"modified":"2017-02-03T00:37:00","modified_gmt":"2017-02-03T00:37:00","slug":"kirim-turklerinden-silpagara-ziyaret","status":"publish","type":"post","link":"http:\/\/www.mertcanpolat.com.tr\/dev\/kirim-turklerinden-silpagara-ziyaret\/","title":{"rendered":"KIRIM T\u00dcRKLER\u0130NDEN S\u0130LPAGAR&#39;A Z\u0130YARET"},"content":{"rendered":"<p><b>Yalova K\u0131r\u0131m T\u00fcrkleri Yard\u0131mla\u015fma ve Dayan\u0131\u015fma Derne\u011fi Ba\u015fkan\u0131 Metin Ayd\u0131n ile y\u00f6netim kurulu \u00fcyeleri, \u00c7iftlikk\u00f6y Belediye Ba\u015fkan\u0131 Ali Murat Silpagar\u2019\u0131 makam\u0131nda ziyaret ettiler.<\/b>   <\/p>\n<p> <span style=\"font-size:14px;\">Yalova K\u0131r\u0131m T\u00fcrkleri K\u00fclt\u00fcr ve Yard\u0131mla\u015fma Derne\u011fi Ba\u015fkan\u0131 Metin Ayd\u0131n, Ba\u015fkan Silpagar\u2019\u0131n \u00c7iftlikk\u00f6y i\u00e7in \u00f6nemli hizmetler verdi\u011fini ve bu anlamda Yalova K\u0131r\u0131m T\u00fcrkleri Derne\u011fi olarak yan\u0131nda olduklar\u0131n\u0131 ifade etti.&nbsp; Ba\u015fkan Ayd\u0131n, \u00c7iftlikk\u00f6y\u2019deki etkinliklere dernek olarak i\u015ftirak edeceklerini de s\u00f6zlerine ekledi.<\/span> <\/p>\n<p> <span style=\"font-size:14px;\">Ba\u015fkan Silpagar, b\u00fcy\u00fck g\u00f6\u00e7ler d\u00f6neminde K\u0131r\u0131m\u2019dan g\u00f6\u00e7 edip \u00fclkenin d\u00f6rt bir taraf\u0131na yerle\u015fen \u00e7ok say\u0131da Tatar vatanda\u015f\u0131n Yalova ve \u00c7iftlikk\u00f6y\u2019de de ikamet etti\u011fini ifade ederek, ziyareti ger\u00e7ekle\u015ftiren Yalova K\u0131r\u0131m T\u00fcrkleri Yard\u0131mla\u015fma ve Dayan\u0131\u015fma Derne\u011fi Ba\u015fkan\u0131 Metin Ayd\u0131n ve y\u00f6netimine ziyaretlerinden dolay\u0131 te\u015fekk\u00fcr etti.<\/span> <\/p>\n<p> <span style=\"font-size:14px;\">Sohbet havas\u0131nda ge\u00e7en ziyaretin ard\u0131ndan Yalova K\u0131r\u0131m T\u00fcrkleri Yard\u0131mla\u015fma ve Dayan\u0131\u015fma Derne\u011fi Ba\u015fkan\u0131 Metin Ayd\u0131n ve y\u00f6netim kurulu \u00fcyeleri, Ba\u015fkan Silpagar\u2019a K\u0131r\u0131m k\u0131p\u00e7ak \u00fclkelerinin tarihini i\u00e7eren kitap, K\u0131r\u0131m bayra\u011f\u0131 ve k\u0131r\u0131m t\u00fcrk\u00fclerini i\u00e7eren bir cd hediye etti.<\/span> <\/p>\n<p>&nbsp;<\/p>\n","protected":false},"excerpt":{"rendered":"<p>Yalova K\u0131r\u0131m T\u00fcrkleri Yard\u0131mla\u015fma ve Dayan\u0131\u015fma Derne\u011fi Ba\u015fkan\u0131 Metin Ayd\u0131n ile y\u00f6netim kurulu \u00fcyeleri, \u00c7iftlikk\u00f6y Belediye Ba\u015fkan\u0131 Ali Murat Silpagar\u2019\u0131<\/p>\n","protected":false},"author":1,"featured_media":5099,"comment_status":"open","ping_status":"open","sticky":false,"template":"","format":"standard","meta":[],"categories":[1],"tags":[],"_links":{"self":[{"href":"http:\/\/www.mertcanpolat.com.tr\/dev\/wp-json\/wp\/v2\/posts\/5098"}],"collection":[{"href":"http:\/\/www.mertcanpolat.com.tr\/dev\/wp-json\/wp\/v2\/posts"}],"about":[{"href":"http:\/\/www.mertcanpolat.com.tr\/dev\/wp-json\/wp\/v2\/types\/post"}],"author":[{"embeddable":true,"href":"http:\/\/www.mertcanpolat.com.tr\/dev\/wp-json\/wp\/v2\/users\/1"}],"replies":[{"embeddable":true,"href":"http:\/\/www.mertcanpolat.com.tr\/dev\/wp-json\/wp\/v2\/comments?post=5098"}],"version-history":[{"count":0,"href":"http:\/\/www.mertcanpolat.com.tr\/dev\/wp-json\/wp\/v2\/posts\/5098\/revisions"}],"wp:featuredmedia":[{"embeddable":true,"href":"http:\/\/www.mertcanpolat.com.tr\/dev\/wp-json\/wp\/v2\/media\/5099"}],"wp:attachment":[{"href":"http:\/\/www.mertcanpolat.com.tr\/dev\/wp-json\/wp\/v2\/media?parent=5098"}],"wp:term":[{"taxonomy":"category","embeddable":true,"href":"http:\/\/www.mertcanpolat.com.tr\/dev\/wp-json\/wp\/v2\/categories?post=5098"},{"taxonomy":"post_tag","embeddable":true,"href":"http:\/\/www.mertcanpolat.com.tr\/dev\/wp-json\/wp\/v2\/tags?post=5098"}],"curies":[{"name":"wp","href":"https:\/\/api.w.org\/{rel}","templated":true}]}}