{"id":5094,"date":"2017-02-03T01:23:00","date_gmt":"2017-02-03T01:23:00","guid":{"rendered":"http:\/\/www.mertcanpolat.com.tr\/dev\/index.php\/2017\/02\/03\/rektor-vekili-hindistanda\/"},"modified":"2017-02-03T01:23:00","modified_gmt":"2017-02-03T01:23:00","slug":"rektor-vekili-hindistanda","status":"publish","type":"post","link":"http:\/\/www.mertcanpolat.com.tr\/dev\/rektor-vekili-hindistanda\/","title":{"rendered":"REKT\u00d6R VEK\u0130L\u0130 H\u0130ND\u0130STAN&#39;DA"},"content":{"rendered":"<p><b>Yalova \u00dcniversitesi Rekt\u00f6r Vekili Prof. Dr. Bilal G\u00f6kk\u0131r Hindistan\u2019da bulunan Al Jamia Al Islamiya \u00dcniversitesi&#39;nin mezuniyet t\u00f6reni \u015feref konu\u011fu oldu.<\/b>   <\/p>\n<p> <span style=\"font-size:14px;\">Yalova \u00dcniversitesi Rekt\u00f6r Vekili Prof. Dr. Bilal G\u00f6kk\u0131r, Hindistan\u2019\u0131n Kerala b\u00f6lgesindeki Santhapuram\u2019da kurulan Al-Jamia Al-Islamiya \u00dcniversitesi mezuniyet t\u00f6renine \u015feref konu\u011fu olarak kat\u0131ld\u0131. T\u00f6rende, \u00f6\u011frencilerin mezuniyetindeki son dersi de T\u00fcrkiye\u2019den gelen davetli konu\u015fmac\u0131 olarak Prof. Dr. Bilal G\u00f6kk\u0131r verdi.<\/span> <\/p>\n<p> <span style=\"font-size:14px;\">Mezuniyet t\u00f6renine pek \u00e7ok siyasi, ilim adam\u0131 ve akademisyen kat\u0131ld\u0131. \u00dcst d\u00fczey yetkililerin kat\u0131ld\u0131\u011f\u0131 a\u00e7\u0131l\u0131\u015f oturumunda, akademisyenlerin ger\u00e7ekle\u015ftirdi\u011fi forumlar, k\u00fclt\u00fcrel tart\u0131\u015fmalar, konferanslar ve k\u00fclt\u00fcrel etkinlikler hayata ge\u00e7irildi. Prof. Dr. Bilal G\u00f6kk\u0131r etkinlikler kapsam\u0131nda ayr\u0131ca bir de seminer verdi.<br \/> G\u00f6kk\u0131r konu\u015fmas\u0131nda bilim ve d\u00fc\u015f\u00fcnce alan\u0131nda Hindistan\u2019da yeti\u015fmi\u015f Biruni, imam Rabbani, \u015eah Veliyyaullah Dihlevi ve Mevdudi gibi \u00f6nemli isimlere yer vererek bu isimlerin T\u00fcrkiye&#8217;de \u00e7ok iyi bilindi\u011fine ve eserlerinin terc\u00fcme edildi\u011fine dikkat \u00e7ekti. Politik anlamda T\u00fcrkiye ve Hindistan aras\u0131ndaki dostane ili\u015fkilere vurgu yapan Prof. Dr. Bilal G\u00f6kk\u0131r, Hindistan m\u00fcsl\u00fcmanlar\u0131n\u0131n T\u00fcrkiye\u2019ye, T\u00fcrk halk\u0131na ve Cumhurba\u015fkan\u0131 Recep Tayyip Erdo\u011fan\u2019a duyduklar\u0131 sevgi; dua ve g\u00fczel dilekleriyle verdikleri destek i\u00e7in de \u00f6zellikle te\u015fekk\u00fcr etti.<\/span> <\/p>\n<p> <span style=\"font-size:14px;\">\u0130slam ara\u015ft\u0131rmalar\u0131 alan\u0131nda \u00e7al\u0131\u015fmalar yapan b\u00f6yle \u00f6nemli bir \u00fcniversitenin davetlisi olmaktan dolay\u0131 da minnettarl\u0131\u011f\u0131n\u0131 dile getiren Prof. Dr. G\u00f6kk\u0131r&#8217;a \u0130slam \u00dcniversitesi rekt\u00f6r\u00fc Dr. Abdusselam Ahmed\u2019e te\u015fekk\u00fcr etti. <\/span> <\/p>\n","protected":false},"excerpt":{"rendered":"<p>Yalova \u00dcniversitesi Rekt\u00f6r Vekili Prof. Dr. Bilal G\u00f6kk\u0131r Hindistan\u2019da bulunan Al Jamia Al Islamiya \u00dcniversitesi&#39;nin mezuniyet t\u00f6reni \u015feref konu\u011fu oldu.<\/p>\n","protected":false},"author":1,"featured_media":5095,"comment_status":"open","ping_status":"open","sticky":false,"template":"","format":"standard","meta":[],"categories":[1],"tags":[],"_links":{"self":[{"href":"http:\/\/www.mertcanpolat.com.tr\/dev\/wp-json\/wp\/v2\/posts\/5094"}],"collection":[{"href":"http:\/\/www.mertcanpolat.com.tr\/dev\/wp-json\/wp\/v2\/posts"}],"about":[{"href":"http:\/\/www.mertcanpolat.com.tr\/dev\/wp-json\/wp\/v2\/types\/post"}],"author":[{"embeddable":true,"href":"http:\/\/www.mertcanpolat.com.tr\/dev\/wp-json\/wp\/v2\/users\/1"}],"replies":[{"embeddable":true,"href":"http:\/\/www.mertcanpolat.com.tr\/dev\/wp-json\/wp\/v2\/comments?post=5094"}],"version-history":[{"count":0,"href":"http:\/\/www.mertcanpolat.com.tr\/dev\/wp-json\/wp\/v2\/posts\/5094\/revisions"}],"wp:featuredmedia":[{"embeddable":true,"href":"http:\/\/www.mertcanpolat.com.tr\/dev\/wp-json\/wp\/v2\/media\/5095"}],"wp:attachment":[{"href":"http:\/\/www.mertcanpolat.com.tr\/dev\/wp-json\/wp\/v2\/media?parent=5094"}],"wp:term":[{"taxonomy":"category","embeddable":true,"href":"http:\/\/www.mertcanpolat.com.tr\/dev\/wp-json\/wp\/v2\/categories?post=5094"},{"taxonomy":"post_tag","embeddable":true,"href":"http:\/\/www.mertcanpolat.com.tr\/dev\/wp-json\/wp\/v2\/tags?post=5094"}],"curies":[{"name":"wp","href":"https:\/\/api.w.org\/{rel}","templated":true}]}}