{"id":5090,"date":"2017-02-04T01:05:00","date_gmt":"2017-02-04T01:05:00","guid":{"rendered":"http:\/\/www.mertcanpolat.com.tr\/dev\/index.php\/2017\/02\/04\/kirim-dernegi-salmanda\/"},"modified":"2017-02-04T01:05:00","modified_gmt":"2017-02-04T01:05:00","slug":"kirim-dernegi-salmanda","status":"publish","type":"post","link":"http:\/\/www.mertcanpolat.com.tr\/dev\/kirim-dernegi-salmanda\/","title":{"rendered":"KIRIM DERNE\u011e\u0130 SALMAN&#39;DA"},"content":{"rendered":"<p><b>Yalova Belediye Ba\u015fkan\u0131 Vefa Salman, Yalova K\u0131r\u0131m T\u00fcrkleri Yard\u0131mla\u015fma ve Dayan\u0131\u015fma Derne\u011fi Ba\u015fkan\u0131 Metin Ayd\u0131n ve y\u00f6netim kurulu \u00fcyelerini makam\u0131nda a\u011f\u0131rlad\u0131. Yeni se\u00e7ilen y\u00f6netim kurulu \u00fcyeleri Ba\u015fkan Salman\u2019a ziyarette yeni d\u00f6nem planlar\u0131 hakk\u0131nda bilgiler verdi.<\/b>   <\/p>\n<p> <span style=\"font-size:14px;\">\u0130smini ta\u015f\u0131d\u0131\u011f\u0131 b\u00fcy\u00fck dedesinin 3 ku\u015fak \u00f6nce K\u0131r\u0131m\u2019dan g\u00f6\u00e7 etti\u011fini belirten Ba\u015fkan Salman; \u201cDerne\u011fin kentimizde faaliyet g\u00f6stermesi beni mutlu ediyor. Ben bu konuyu \u00e7ok \u00f6nemsiyorum. K\u00f6keni de\u011fi\u015fik co\u011frafyadan gelen insanlar\u0131n bir araya gelerek geleneklerini, g\u00f6reneklerini s\u00fcrd\u00fcrmelerini bunlar\u0131 gelecek ku\u015faklara aktarmalar\u0131n\u0131 \u00f6nemli buluyorum. Sizlerde b\u00f6yle bir misyon \u00fcstlendiniz ve bunu yerine getiriyorsunuz. Elimden geldi\u011fince sizlere destek olmaya ve yard\u0131mc\u0131 olmaya \u00f6zen g\u00f6sterece\u011fim. Sizlerin \u00f6neri ve taleplerine her zaman a\u00e7\u0131\u011f\u0131m ve destek olmaya haz\u0131r\u0131m. Hepinize yeni g\u00f6revinizde ba\u015far\u0131lar diliyorum\u201d diye konu\u015ftu.<\/span> <\/p>\n","protected":false},"excerpt":{"rendered":"<p>Yalova Belediye Ba\u015fkan\u0131 Vefa Salman, Yalova K\u0131r\u0131m T\u00fcrkleri Yard\u0131mla\u015fma ve Dayan\u0131\u015fma Derne\u011fi Ba\u015fkan\u0131 Metin Ayd\u0131n ve y\u00f6netim kurulu \u00fcyelerini makam\u0131nda<\/p>\n","protected":false},"author":1,"featured_media":5091,"comment_status":"open","ping_status":"open","sticky":false,"template":"","format":"standard","meta":[],"categories":[1],"tags":[],"_links":{"self":[{"href":"http:\/\/www.mertcanpolat.com.tr\/dev\/wp-json\/wp\/v2\/posts\/5090"}],"collection":[{"href":"http:\/\/www.mertcanpolat.com.tr\/dev\/wp-json\/wp\/v2\/posts"}],"about":[{"href":"http:\/\/www.mertcanpolat.com.tr\/dev\/wp-json\/wp\/v2\/types\/post"}],"author":[{"embeddable":true,"href":"http:\/\/www.mertcanpolat.com.tr\/dev\/wp-json\/wp\/v2\/users\/1"}],"replies":[{"embeddable":true,"href":"http:\/\/www.mertcanpolat.com.tr\/dev\/wp-json\/wp\/v2\/comments?post=5090"}],"version-history":[{"count":0,"href":"http:\/\/www.mertcanpolat.com.tr\/dev\/wp-json\/wp\/v2\/posts\/5090\/revisions"}],"wp:featuredmedia":[{"embeddable":true,"href":"http:\/\/www.mertcanpolat.com.tr\/dev\/wp-json\/wp\/v2\/media\/5091"}],"wp:attachment":[{"href":"http:\/\/www.mertcanpolat.com.tr\/dev\/wp-json\/wp\/v2\/media?parent=5090"}],"wp:term":[{"taxonomy":"category","embeddable":true,"href":"http:\/\/www.mertcanpolat.com.tr\/dev\/wp-json\/wp\/v2\/categories?post=5090"},{"taxonomy":"post_tag","embeddable":true,"href":"http:\/\/www.mertcanpolat.com.tr\/dev\/wp-json\/wp\/v2\/tags?post=5090"}],"curies":[{"name":"wp","href":"https:\/\/api.w.org\/{rel}","templated":true}]}}