{"id":5086,"date":"2017-02-04T01:18:00","date_gmt":"2017-02-04T01:18:00","guid":{"rendered":"http:\/\/www.mertcanpolat.com.tr\/dev\/index.php\/2017\/02\/04\/ak-parti-spor-salonunda-toplaniyor\/"},"modified":"2017-02-04T01:18:00","modified_gmt":"2017-02-04T01:18:00","slug":"ak-parti-spor-salonunda-toplaniyor","status":"publish","type":"post","link":"http:\/\/www.mertcanpolat.com.tr\/dev\/ak-parti-spor-salonunda-toplaniyor\/","title":{"rendered":"AK PART\u0130 SPOR SALONUNDA TOPLANIYOR"},"content":{"rendered":"<p><b>Nisan ay\u0131nda yap\u0131lacak referandum \u00f6ncesinde partiler yava\u015f yava\u015f sahaya iniyor. Ak Parti de d\u00fczenleyece\u011fi dan\u0131\u015fma meclisi toplant\u0131s\u0131yla \u2018evet\u2019 kampanyas\u0131n\u0131n start\u0131n\u0131 bir anlamda vermi\u015f olacak.<\/b>   <\/p>\n<p> <span style=\"font-size:14px;\">Ak Parti Yalova Te\u015fkilat\u0131 Geni\u015fletilmi\u015f \u0130l Dan\u0131\u015fma Meclisi toplant\u0131s\u0131 5 \u015eubat Pazar g\u00fcn\u00fc yap\u0131lacak. Saat 18.00\u2019de ba\u015flayacak toplant\u0131ya \u00f6nemli isimler kat\u0131lacak. Merkez Spor Salonu\u2019nda yap\u0131lacak toplant\u0131da Genel Ba\u015fkan Yard\u0131mc\u0131s\u0131 ve Te\u015fkilat Ba\u015fkan\u0131 \u0130stanbul Milletvekili Mustafa Ata\u015f, B\u00f6lge Koordinat\u00f6r\u00fc \u0130stanbul Milletvekili Harun Karaca, \u0130l Koordinat\u00f6r\u00fc \u0130stanbul Milletvekili Osman Boyraz ve Yalova Milletvekili Fikri Demirel de yer alacak.<\/span> <\/p>\n<p> <span style=\"font-size:14px;\">\u0130l Ba\u015fkan\u0131 Yusuf Ziya \u00d6ztabak, d\u00fczenlenecek toplant\u0131da t\u00fcm partililerin yer alaca\u011f\u0131n\u0131 ifade ederek gerekli t\u00fcm haz\u0131rl\u0131klar\u0131 tamamlad\u0131klar\u0131n\u0131 s\u00f6yledi. \u00d6ztabak, toplant\u0131da \u2018cumhurba\u015fkanl\u0131\u011f\u0131 h\u00fck\u00fcmet sistemi\u2019 konusunda Yalova kamuoyunda bilgi verilece\u011fini a\u00e7\u0131klad\u0131.<\/span> <\/p>\n<p>&nbsp;<\/p>\n","protected":false},"excerpt":{"rendered":"<p>Nisan ay\u0131nda yap\u0131lacak referandum \u00f6ncesinde partiler yava\u015f yava\u015f sahaya iniyor. Ak Parti de d\u00fczenleyece\u011fi dan\u0131\u015fma meclisi toplant\u0131s\u0131yla \u2018evet\u2019 kampanyas\u0131n\u0131n start\u0131n\u0131<\/p>\n","protected":false},"author":1,"featured_media":5087,"comment_status":"open","ping_status":"open","sticky":false,"template":"","format":"standard","meta":[],"categories":[1],"tags":[],"_links":{"self":[{"href":"http:\/\/www.mertcanpolat.com.tr\/dev\/wp-json\/wp\/v2\/posts\/5086"}],"collection":[{"href":"http:\/\/www.mertcanpolat.com.tr\/dev\/wp-json\/wp\/v2\/posts"}],"about":[{"href":"http:\/\/www.mertcanpolat.com.tr\/dev\/wp-json\/wp\/v2\/types\/post"}],"author":[{"embeddable":true,"href":"http:\/\/www.mertcanpolat.com.tr\/dev\/wp-json\/wp\/v2\/users\/1"}],"replies":[{"embeddable":true,"href":"http:\/\/www.mertcanpolat.com.tr\/dev\/wp-json\/wp\/v2\/comments?post=5086"}],"version-history":[{"count":0,"href":"http:\/\/www.mertcanpolat.com.tr\/dev\/wp-json\/wp\/v2\/posts\/5086\/revisions"}],"wp:featuredmedia":[{"embeddable":true,"href":"http:\/\/www.mertcanpolat.com.tr\/dev\/wp-json\/wp\/v2\/media\/5087"}],"wp:attachment":[{"href":"http:\/\/www.mertcanpolat.com.tr\/dev\/wp-json\/wp\/v2\/media?parent=5086"}],"wp:term":[{"taxonomy":"category","embeddable":true,"href":"http:\/\/www.mertcanpolat.com.tr\/dev\/wp-json\/wp\/v2\/categories?post=5086"},{"taxonomy":"post_tag","embeddable":true,"href":"http:\/\/www.mertcanpolat.com.tr\/dev\/wp-json\/wp\/v2\/tags?post=5086"}],"curies":[{"name":"wp","href":"https:\/\/api.w.org\/{rel}","templated":true}]}}