{"id":5076,"date":"2017-02-07T14:35:00","date_gmt":"2017-02-07T14:35:00","guid":{"rendered":"http:\/\/www.mertcanpolat.com.tr\/dev\/index.php\/2017\/02\/07\/gelecegin-starlari-araniyor\/"},"modified":"2017-02-07T14:35:00","modified_gmt":"2017-02-07T14:35:00","slug":"gelecegin-starlari-araniyor","status":"publish","type":"post","link":"http:\/\/www.mertcanpolat.com.tr\/dev\/gelecegin-starlari-araniyor\/","title":{"rendered":"GELECE\u011e\u0130N STARLARI ARANIYOR"},"content":{"rendered":"<p><b>\u00dclkemizin en uzun s\u00fcreli gen\u00e7lik organizasyonu olan ve \u201cD\u00fcnyan\u0131n En Ba\u015far\u0131l\u0131 Gen\u00e7lik Organizasyonu\u201d \u00f6d\u00fcl\u00fcne sahip \u201cT\u00fcrkiye Liseleraras\u0131 M\u00fczik Yar\u0131\u015fmas\u0131\u201d 20. y\u0131l\u0131n\u0131, T\u00fcrkiye\u2019nin en pop\u00fcler m\u00fczik platformlar\u0131ndan fizy ile kutluyor. Yar\u0131\u015fmaya Yalova&#39;dan da liseler kat\u0131lacak.<\/b>   <\/p>\n<p> <span style=\"font-size:14px;\">T\u00fcrkiye\u2019nin d\u00f6rt bir yan\u0131ndaki gen\u00e7lerin, profesyonel m\u00fczik hayat\u0131na ad\u0131m atma hayallerini ger\u00e7e\u011fe d\u00f6n\u00fc\u015ft\u00fcren ve T\u00fcrkiye\u2019nin d\u00fcnya m\u00fczik piyasas\u0131ndaki temsilcisi Serhat Hac\u0131pa\u015fal\u0131o\u011flu liderli\u011findeki End Productions taraf\u0131ndan d\u00fczenlenen yar\u0131\u015fman\u0131n 20. y\u0131l\u0131nda fizy, t\u00fcm liseli gen\u00e7leri sahneye davet ediyor.<\/span> <\/p>\n<p> <strong> <span style=\"font-size:14px;\">\u00dcnl\u00fc \u0130simlerden \u00c7a\u011fr\u0131<\/span> <\/strong> <\/p>\n<p> <span style=\"font-size:14px;\">Hayallerinin pe\u015finden ko\u015fan gen\u00e7lere \u00fcnl\u00fc isimlerden \u00e7a\u011fr\u0131 gelmeye ba\u015flad\u0131. N\u00fckhet Duru\u201c\u00c7al\u0131\u015fmalar\u0131yla her zaman fark yaratan, yak\u0131n dostum Serhat Hac\u0131pa\u015fal\u0131o\u011flu\u2019 nun en ba\u015far\u0131l\u0131 projelerinden birisi olan, Liseler Aras\u0131 M\u00fczik Yar\u0131\u015fmas\u0131\u2019n\u0131 ilgi ile takip ediyor, zaman zaman da gen\u00e7 m\u00fczisyenlerimizin yan\u0131nda olarak, kuliste onlar\u0131 ziyaret ediyorum. Bu yar\u0131\u015fma m\u00fczik sever gen\u00e7ler i\u00e7in inan\u0131lmaz b\u00fcy\u00fck bir f\u0131rsat. Haydi Yaloval\u0131 gen\u00e7ler!\u201ds\u00f6zleriyle destek verdi. Keremcem ise \u201c 20 y\u0131ld\u0131r bu yar\u0131\u015fmay\u0131 ilgi ile takip ediyorum, m\u00fczik piyasas\u0131na da \u00e7ok yararl\u0131 oldu\u011funu d\u00fc\u015f\u00fcn\u00fcyorum. Yar\u0131\u015fmaktan korkmay\u0131n Yaloval\u0131 gen\u00e7ler!\u201d c\u00fcmleleriyle \u00e7a\u011fr\u0131da bulundu.<\/span> <\/p>\n<p> <span style=\"font-size:14px;\">20. y\u0131l\u0131nda, fizy sponsorlu\u011funda ger\u00e7ekle\u015ftirilen, \u201cfizy 20. Liseleraras\u0131 M\u00fczik Yar\u0131\u015fmas\u0131&#8221; i\u00e7in 81 ildeki yakla\u015f\u0131k 8.000 liseye &#8220;Yar\u0131\u015fmaya kat\u0131l&#8221; \u00e7a\u011fr\u0131s\u0131 yap\u0131ld\u0131 ve \u00fclkemizin t\u00fcm liselerine a\u00e7\u0131k olan yar\u0131\u015fman\u0131n heyecan\u0131, \u015fimdiden gen\u00e7leri sard\u0131. Okullar\u0131nda kurduklar\u0131 orkestralarla \u00e7al\u0131\u015fmalara ba\u015flayan yetenekli m\u00fczisyen gen\u00e7lerin hedefi, yar\u0131\u015fmada liselerini en iyi \u015fekilde temsil etmek ve bu senenin b\u00fcy\u00fck \u00f6d\u00fcllerini kazanmak. Yar\u0131\u015fmada, dereceye giren liseli ekipleri, cazip para \u00f6d\u00fcllerinin yan\u0131 s\u0131ra, s\u00fcrpriz \u00f6d\u00fcller de bekliyor.<\/span> <\/p>\n<p> <strong> <span style=\"font-size:14px;\">Yalova\u2019y\u0131 Hangi Liseler Temsil Edecek?<img alt=\"\" src=\"http:\/\/ajansyalova.com\/Images\/Thumbs\/Editor\/5864-yalovatermalfenlisesi.jpeg\" style=\"border-width: 2px; border-style: solid; margin: 2px; float: right; width: 650px; height: 433px;\" \/> <\/span> <\/strong> <\/p>\n<p> <span style=\"font-size:14px;\">Elemeleri, 24-25 Mart tarihlerinde \u0130stanbul, 31 Mart\u2019ta Ankara ve 7 Nisan\u2019da \u0130zmir\u2019de yap\u0131lacak, fizy 20. Liseleraras\u0131 M\u00fczik Yar\u0131\u015fmas\u0131\u2019n\u0131n b\u00fcy\u00fck finali ise, 22 Nisan\u2019da \u0130stanbul\u2019da ger\u00e7ekle\u015ftirilecek. Ge\u00e7en y\u0131l, yakla\u015f\u0131k 500 lisenin yar\u0131\u015fmaya kat\u0131ld\u0131\u011f\u0131 ve 5.000\u2019e yak\u0131n \u00f6\u011frencinin gen\u00e7 sanat\u00e7\u0131lar olarak sahne ald\u0131\u011f\u0131 yar\u0131\u015fmada, Yalova\u2019y\u0131 \u201c\u00d6zel Yalova Do\u011fa Anadolu Lisesi ve Yalova Termal Fen Lisesi\u201d temsil etmi\u015fti. Yalova\u2019da, \u015fimdiden, illerini hangi liselerin temsil edece\u011finin, heyecan\u0131 ve merak\u0131 ya\u015fanmaya ba\u015flad\u0131.<\/span> <\/p>\n<p> <span style=\"font-size:14px;\">Turkcell Pazarlamadan Sorumlu Genel M\u00fcd\u00fcr Yard\u0131mc\u0131s\u0131 \u0130smail B\u00fct\u00fcn, bu y\u0131l 20.\u2019si d\u00fczenlenen Liseleraras\u0131 M\u00fczik yar\u0131\u015fmas\u0131n\u0131 fizy ile yapmaktan mutluluk duyduklar\u0131n\u0131 belirterek, \u201cT\u00fcrkiye\u2019nin en be\u011fenilen m\u00fczik platformu fizy\u2019nin, milyonlarca kullan\u0131c\u0131s\u0131yla fizy Liseleraras\u0131 M\u00fczik Yar\u0131\u015fmas\u0131\u2019n\u0131n bu y\u0131l \u00e7ok daha geni\u015f kitlelere ula\u015faca\u011f\u0131na eminim\u201d dedi.<\/span> <\/p>\n<p> <span style=\"font-size:14px;\">Hayallerin ger\u00e7ek olabilece\u011fini, uluslararas\u0131 m\u00fczik platformunda elde etti\u011fi ba\u015far\u0131lar ile kan\u0131tlayan yar\u0131\u015fman\u0131n kurucusu Serhat Hac\u0131pa\u015fal\u0131o\u011flu, \u201c\u00dclkemizde o kadar \u00e7ok yetenekli gen\u00e7 var ki, onlar\u0131 yar\u0131\u015fmam\u0131z\u0131n sahnesinde g\u00f6rmekten b\u00fcy\u00fck heyecan duyuyor ve bu y\u0131lki performanslar\u0131 izlemek i\u00e7in sab\u0131rs\u0131zlan\u0131yorum\u201d s\u00f6zleriyle gen\u00e7leri te\u015fvik ediyor.<\/span> <\/p>\n","protected":false},"excerpt":{"rendered":"<p>\u00dclkemizin en uzun s\u00fcreli gen\u00e7lik organizasyonu olan ve \u201cD\u00fcnyan\u0131n En Ba\u015far\u0131l\u0131 Gen\u00e7lik Organizasyonu\u201d \u00f6d\u00fcl\u00fcne sahip \u201cT\u00fcrkiye Liseleraras\u0131 M\u00fczik Yar\u0131\u015fmas\u0131\u201d 20.<\/p>\n","protected":false},"author":1,"featured_media":5077,"comment_status":"open","ping_status":"open","sticky":false,"template":"","format":"standard","meta":[],"categories":[1],"tags":[],"_links":{"self":[{"href":"http:\/\/www.mertcanpolat.com.tr\/dev\/wp-json\/wp\/v2\/posts\/5076"}],"collection":[{"href":"http:\/\/www.mertcanpolat.com.tr\/dev\/wp-json\/wp\/v2\/posts"}],"about":[{"href":"http:\/\/www.mertcanpolat.com.tr\/dev\/wp-json\/wp\/v2\/types\/post"}],"author":[{"embeddable":true,"href":"http:\/\/www.mertcanpolat.com.tr\/dev\/wp-json\/wp\/v2\/users\/1"}],"replies":[{"embeddable":true,"href":"http:\/\/www.mertcanpolat.com.tr\/dev\/wp-json\/wp\/v2\/comments?post=5076"}],"version-history":[{"count":0,"href":"http:\/\/www.mertcanpolat.com.tr\/dev\/wp-json\/wp\/v2\/posts\/5076\/revisions"}],"wp:featuredmedia":[{"embeddable":true,"href":"http:\/\/www.mertcanpolat.com.tr\/dev\/wp-json\/wp\/v2\/media\/5077"}],"wp:attachment":[{"href":"http:\/\/www.mertcanpolat.com.tr\/dev\/wp-json\/wp\/v2\/media?parent=5076"}],"wp:term":[{"taxonomy":"category","embeddable":true,"href":"http:\/\/www.mertcanpolat.com.tr\/dev\/wp-json\/wp\/v2\/categories?post=5076"},{"taxonomy":"post_tag","embeddable":true,"href":"http:\/\/www.mertcanpolat.com.tr\/dev\/wp-json\/wp\/v2\/tags?post=5076"}],"curies":[{"name":"wp","href":"https:\/\/api.w.org\/{rel}","templated":true}]}}