{"id":5072,"date":"2017-02-07T16:03:00","date_gmt":"2017-02-07T16:03:00","guid":{"rendered":"http:\/\/www.mertcanpolat.com.tr\/dev\/index.php\/2017\/02\/07\/bosnali-ogrenciler-silpagarin-konugu\/"},"modified":"2017-02-07T16:03:00","modified_gmt":"2017-02-07T16:03:00","slug":"bosnali-ogrenciler-silpagarin-konugu","status":"publish","type":"post","link":"http:\/\/www.mertcanpolat.com.tr\/dev\/bosnali-ogrenciler-silpagarin-konugu\/","title":{"rendered":"BOSNALI \u00d6\u011eRENC\u0130LER S\u0130LPAGAR&#39;IN KONU\u011eU"},"content":{"rendered":"<p><b>\u00c7iftlikk\u00f6y Belediye Ba\u015fkan\u0131 Ali Murat Silpagar, karde\u015f Okul Projesi kapsam\u0131nda \u00fclkemize gelen Lukavac Grad Ortaokulu heyetini konuk etti. <\/b>   <\/p>\n<p> <span style=\"font-size:14px;\">Misafir \u00f6\u011frencilere M\u00fcsl\u00fcman Bosna\u2019n\u0131n, T\u00fcrkiye i\u00e7in b\u00fcy\u00fck \u00f6nem ta\u015f\u0131d\u0131\u011f\u0131n\u0131 belirten Ba\u015fkan Silpagar, Bosna\u2019n\u0131n b\u00fcy\u00fck lideri Aliya \u0130zzetbegovi\u00e7\u2019in m\u00fccadelesinin t\u00fcm d\u00fcnyaya \u00f6rnek te\u015fkil etti\u011fini dile getirdi. Bosna Hersek\u2019in Tuzla Kantonu Lukavac kentinden gelen Bo\u015fnak \u00f6\u011frenciler, 4 g\u00fcn boyunca \u00c7iftlikk\u00f6y\u2019\u00fcn konu\u011fu oldu. \u00c7iftlikk\u00f6y \u015eehit Abdulhamit Kaya \u0130mam Hatip Ortaokulu ve \u00c7iftlikk\u00f6y Belediyesi taraf\u0131ndan misafir edilen 27 ki\u015filik heyette Lukavac Grad Ortaokulu M\u00fcdiresi Alima Avdic de yer ald\u0131.<\/span> <\/p>\n<p> <span style=\"font-size:14px;\">\u0130l\u00e7e Milli E\u011fitim M\u00fcd\u00fcr\u00fc Muhammet Be\u015fir ve \u00c7iftlikk\u00f6y \u015eehit Abdulhamit Kaya \u0130mam Hatip Ortaokulu M\u00fcd\u00fcr\u00fc Hasan Akp\u0131nar\u2019\u0131n da yer ald\u0131\u011f\u0131 ziyarette konu\u015fan Ba\u015fkan Silpagar, \u201cBosna\u2019dan gelen misafir \u00f6\u011frencilerimizi \u00c7iftlikk\u00f6y\u00fcm\u00fczde a\u011f\u0131rlad\u0131k. Bo\u015fnak \u00f6\u011frencilere \u00f6rnek ald\u0131\u011f\u0131m\u0131z bilge lider Aliye \u0130zzetbegovi\u00e7\u2019in, \u201c\u0130ktidara gelirseniz, hal ve hareketlerinize dikkat edin. Kibirli olmay\u0131n, kendini be\u011fenmi\u015flik etmeyin. Size ait olmayan \u015feyleri almay\u0131n, g\u00fc\u00e7s\u00fczlere yard\u0131m edin ve ahlak kurallar\u0131na uyun. Unutmay\u0131n ki sonsuz iktidar yoktur. Her iktidar ge\u00e7icidir ve herkes, er veya ge\u00e7, \u00f6nce milletin ve nihayet Allah&#8217;\u0131n \u00f6n\u00fcnde hesap verecektir\u201d s\u00f6z\u00fcn\u00fc makam\u0131m\u0131z\u0131n d\u00fcsturu olarak benimsedi\u011fimizi anlatt\u0131k. T\u00fcrk\u2019\u00fcn Balkanlardaki kalesi Bosna\u2019ya selam ve sevgilerimizi ilettik. \u00c7iftlikk\u00f6y Belediyesi olarak konuk ekibin en iyi \u015fekilde a\u011f\u0131rlanmas\u0131 i\u00e7in elimizden gelen deste\u011fi sa\u011fl\u0131yoruz. Yurt d\u0131\u015f\u0131ndaki \u00fclkelerle olan karde\u015f okul projelerinin geli\u015ftirilerek devam etmesini arzu ediyoruz\u201d diye konu\u015ftu.<\/span> <\/p>\n<p> <span style=\"font-size:14px;\">Ziyaret sonras\u0131nda Ba\u015fkan Silpagar\u2019a ve \u0130l\u00e7e Milli E\u011fitim M\u00fcd\u00fcr\u00fc Muhammet Be\u015fir\u2019e, Lukavac Grad Ortaokulu M\u00fcdiresi Alima Avdic taraf\u0131ndan Bosna\u2019n\u0131n tarihi ve k\u00fclt\u00fcrel miras\u0131n\u0131 simgeleyen hediyeler verilirken, Ba\u015fkan Silpagar da t\u00fcm heyete hediyeler takdim etti.<\/span> <\/p>\n","protected":false},"excerpt":{"rendered":"<p>\u00c7iftlikk\u00f6y Belediye Ba\u015fkan\u0131 Ali Murat Silpagar, karde\u015f Okul Projesi kapsam\u0131nda \u00fclkemize gelen Lukavac Grad Ortaokulu heyetini konuk etti. Misafir \u00f6\u011frencilere<\/p>\n","protected":false},"author":1,"featured_media":5073,"comment_status":"open","ping_status":"open","sticky":false,"template":"","format":"standard","meta":[],"categories":[1],"tags":[],"_links":{"self":[{"href":"http:\/\/www.mertcanpolat.com.tr\/dev\/wp-json\/wp\/v2\/posts\/5072"}],"collection":[{"href":"http:\/\/www.mertcanpolat.com.tr\/dev\/wp-json\/wp\/v2\/posts"}],"about":[{"href":"http:\/\/www.mertcanpolat.com.tr\/dev\/wp-json\/wp\/v2\/types\/post"}],"author":[{"embeddable":true,"href":"http:\/\/www.mertcanpolat.com.tr\/dev\/wp-json\/wp\/v2\/users\/1"}],"replies":[{"embeddable":true,"href":"http:\/\/www.mertcanpolat.com.tr\/dev\/wp-json\/wp\/v2\/comments?post=5072"}],"version-history":[{"count":0,"href":"http:\/\/www.mertcanpolat.com.tr\/dev\/wp-json\/wp\/v2\/posts\/5072\/revisions"}],"wp:featuredmedia":[{"embeddable":true,"href":"http:\/\/www.mertcanpolat.com.tr\/dev\/wp-json\/wp\/v2\/media\/5073"}],"wp:attachment":[{"href":"http:\/\/www.mertcanpolat.com.tr\/dev\/wp-json\/wp\/v2\/media?parent=5072"}],"wp:term":[{"taxonomy":"category","embeddable":true,"href":"http:\/\/www.mertcanpolat.com.tr\/dev\/wp-json\/wp\/v2\/categories?post=5072"},{"taxonomy":"post_tag","embeddable":true,"href":"http:\/\/www.mertcanpolat.com.tr\/dev\/wp-json\/wp\/v2\/tags?post=5072"}],"curies":[{"name":"wp","href":"https:\/\/api.w.org\/{rel}","templated":true}]}}