{"id":5070,"date":"2017-02-07T16:13:00","date_gmt":"2017-02-07T16:13:00","guid":{"rendered":"http:\/\/www.mertcanpolat.com.tr\/dev\/index.php\/2017\/02\/07\/baskana-para-tesekkuru\/"},"modified":"2017-02-07T16:13:00","modified_gmt":"2017-02-07T16:13:00","slug":"baskana-para-tesekkuru","status":"publish","type":"post","link":"http:\/\/www.mertcanpolat.com.tr\/dev\/baskana-para-tesekkuru\/","title":{"rendered":"BA\u015eKANA PARA TE\u015eEKK\u00dcR\u00dc"},"content":{"rendered":"<p><b>T\u00fcrkiye Bayanlar 2. Voleybol Ligi\u2019nde altyap\u0131dan gelen oyunculardan olu\u015fan gen\u00e7 kadrosuyla m\u00fccadelesini s\u00fcrd\u00fcren \u00c7iftlikk\u00f6y Belediyespor Bayan Voleybol Tak\u0131m\u0131\u2019nda \u015eube Sorumlusu Metehan Karadeniz, mevcut kadroyla ellerinden gelen gayreti g\u00f6sterdiklerini s\u00f6yledi. <\/b>   <\/p>\n<p> <span style=\"font-size:14px;\">Karadeniz, Belediye Meclis Toplant\u0131s\u0131\u2019nda al\u0131nan kararla \u00c7iftlikk\u00f6y Belediyespor\u2019a sa\u011flanan maddi destekten dolay\u0131 da \u00c7iftlikk\u00f6y Belediye Ba\u015fkan\u0131 Ali Murat Silpagar\u2019a te\u015fekk\u00fcr etti.&nbsp;<\/span> <\/p>\n<p> <span style=\"font-size:14px;\">Karadeniz, \u201cMevcut kadromuzla m\u00fccadele etti\u011fimiz 2.Lig\u2019de elimizden gelenin en iyisini yapmaya \u00e7al\u0131\u015f\u0131yoruz. \u00c7ok g\u00fc\u00e7l\u00fc rakiplerle oynuyoruz. Onlarca oyuncu transfer edip maddi olarak o kadar y\u00fck\u00fcn alt\u0131na girmek bu i\u015fi \u00e7\u00f6zm\u00fcyor. \u00c7ok para harcayan kul\u00fcpler bir d\u00f6nem sonra \u015fubelerini kapatmak zorunda kal\u0131yorlar. Ama biz \u00c7iftlikk\u00f6y Belediyespor voleybol tak\u0131m\u0131 olarak kendi altyap\u0131m\u0131zla m\u00fccadele etti\u011fimiz i\u00e7in devaml\u0131 bu liglerde oynama \u015fans\u0131m\u0131z oluyor. Yolumuza bu \u015fekilde devam edece\u011fiz. Bizi destekleyen taraftarlarla, teknik direkt\u00f6r\u00fcm\u00fcz ve oyumcular\u0131m\u0131za da emeklerinden dolay\u0131 kendim ve b\u00fct\u00fcn y\u00f6netim kurulu ad\u0131na te\u015fekk\u00fcr ederim\u201d dedi.&nbsp;<\/span> <\/p>\n<p> <span style=\"font-size:14px;\">Ba\u015fkan Silpagar\u2019a da te\u015fekk\u00fcr ettiklerini belirten Karadeniz, \u201cBize her zaman destek olan Say\u0131n Ba\u015fkan\u0131m\u0131z ve Belediye Ba\u015fkan\u0131m\u0131z Ali Murat Silpagar, yine b\u00fcy\u00fck bir jest yaparak bir senelik b\u00fct\u00fcn ihtiya\u00e7lar\u0131m\u0131z\u0131 bize fazlas\u0131yla maddi olarak vermi\u015ftir kendisine oyuncular\u0131m ve teknik kadrom ad\u0131na \u00e7ok te\u015fekk\u00fcr ediyorum\u201d diye konu\u015ftu.&nbsp;<\/span> <br \/> &nbsp;<\/p>\n","protected":false},"excerpt":{"rendered":"<p>T\u00fcrkiye Bayanlar 2. Voleybol Ligi\u2019nde altyap\u0131dan gelen oyunculardan olu\u015fan gen\u00e7 kadrosuyla m\u00fccadelesini s\u00fcrd\u00fcren \u00c7iftlikk\u00f6y Belediyespor Bayan Voleybol Tak\u0131m\u0131\u2019nda \u015eube Sorumlusu<\/p>\n","protected":false},"author":1,"featured_media":5071,"comment_status":"open","ping_status":"open","sticky":false,"template":"","format":"standard","meta":[],"categories":[1],"tags":[],"_links":{"self":[{"href":"http:\/\/www.mertcanpolat.com.tr\/dev\/wp-json\/wp\/v2\/posts\/5070"}],"collection":[{"href":"http:\/\/www.mertcanpolat.com.tr\/dev\/wp-json\/wp\/v2\/posts"}],"about":[{"href":"http:\/\/www.mertcanpolat.com.tr\/dev\/wp-json\/wp\/v2\/types\/post"}],"author":[{"embeddable":true,"href":"http:\/\/www.mertcanpolat.com.tr\/dev\/wp-json\/wp\/v2\/users\/1"}],"replies":[{"embeddable":true,"href":"http:\/\/www.mertcanpolat.com.tr\/dev\/wp-json\/wp\/v2\/comments?post=5070"}],"version-history":[{"count":0,"href":"http:\/\/www.mertcanpolat.com.tr\/dev\/wp-json\/wp\/v2\/posts\/5070\/revisions"}],"wp:featuredmedia":[{"embeddable":true,"href":"http:\/\/www.mertcanpolat.com.tr\/dev\/wp-json\/wp\/v2\/media\/5071"}],"wp:attachment":[{"href":"http:\/\/www.mertcanpolat.com.tr\/dev\/wp-json\/wp\/v2\/media?parent=5070"}],"wp:term":[{"taxonomy":"category","embeddable":true,"href":"http:\/\/www.mertcanpolat.com.tr\/dev\/wp-json\/wp\/v2\/categories?post=5070"},{"taxonomy":"post_tag","embeddable":true,"href":"http:\/\/www.mertcanpolat.com.tr\/dev\/wp-json\/wp\/v2\/tags?post=5070"}],"curies":[{"name":"wp","href":"https:\/\/api.w.org\/{rel}","templated":true}]}}