{"id":5066,"date":"2017-02-07T16:47:00","date_gmt":"2017-02-07T16:47:00","guid":{"rendered":"http:\/\/www.mertcanpolat.com.tr\/dev\/index.php\/2017\/02\/07\/fazil-saydan-yuruyen-kosk-bestesi-2\/"},"modified":"2017-02-07T16:47:00","modified_gmt":"2017-02-07T16:47:00","slug":"fazil-saydan-yuruyen-kosk-bestesi-2","status":"publish","type":"post","link":"http:\/\/www.mertcanpolat.com.tr\/dev\/fazil-saydan-yuruyen-kosk-bestesi-2\/","title":{"rendered":"FAZIL SAY&#39;DAN Y\u00dcR\u00dcYEN K\u00d6\u015eK BESTES\u0130"},"content":{"rendered":"<p><b>\u00dcnl\u00fc besteci ve piyano sanat\u00e7\u0131s\u0131 Faz\u0131l Say 4 \u015eubat tarihinde sosyal medya hesab\u0131ndan yapm\u0131\u015f oldu\u011fu payla\u015f\u0131mda haz\u0131rlad\u0131\u011f\u0131 yeni \u201cArt of Piano\u201d alb\u00fcm\u00fcn\u00fcn 4. par\u00e7as\u0131 olarak \u201cY\u00fcr\u00fcyen K\u00f6\u015fk\u201d isimli eser \u00fczerinde \u00e7al\u0131\u015fmalara ba\u015flad\u0131\u011f\u0131n\u0131 belirtti. Payla\u015f\u0131m\u0131nda t\u00fcm Atat\u00fcrk\u00e7\u00fcler ve t\u00fcm \u00e7evreciler mutlaka bu yaz\u0131y\u0131 okumal\u0131 diyerek Y\u00fcr\u00fcyen K\u00f6\u015fk\u2019\u00fcn hikayesini takip\u00e7ileri ile payla\u015ft\u0131.<\/b>   <\/p>\n<p> <span style=\"font-size:14px;\">Yeni alb\u00fcm\u00fc i\u00e7in \u00e7al\u0131\u015fmalar\u0131n\u0131 s\u00fcrd\u00fcren Faz\u0131l Say, Y\u00fcr\u00fcyen K\u00f6\u015fk i\u00e7in yapaca\u011f\u0131 besteyi de yeni alb\u00fcm\u00fcne koyacak. Beste \u00e7al\u0131\u015fmalar\u0131na ba\u015flad\u0131\u011f\u0131n\u0131 sosyal medya hesab\u0131ndan duyuran Say, payla\u015f\u0131m\u0131nda Y\u00fcr\u00fcyen K\u00f6\u015fk\u2019\u00fcn hikayesini anlatt\u0131.<\/span> <\/p>\n<p> <strong> <span style=\"font-size:14px;\">\u201cAlb\u00fcm Tan\u0131t\u0131m\u0131n\u0131n Y\u00fcr\u00fcyen K\u00f6\u015fk\u2019te Yap\u0131lmas\u0131n\u0131 Teklif Edece\u011fim\u201d<\/span> <\/strong> <\/p>\n<p> <span style=\"font-size:14px;\">Konuyu \u00f6\u011frendikten sonra Say\u2019\u0131n babas\u0131 ile g\u00f6r\u00fc\u015ft\u00fc\u011f\u00fcn\u00fc belirten Yalova Belediye Ba\u015fkan\u0131 Vefa Salman; \u201cSay\u0131n Say yurtd\u0131\u015f\u0131nda oldu\u011fu i\u00e7in ilk etapta kendisi ile ileti\u015fim kuramad\u0131m ancak babas\u0131 ile g\u00f6r\u00fc\u015ferek memnuniyetimi dile getirdim. Y\u00fcr\u00fcyen K\u00f6\u015fk kentimizin en b\u00fcy\u00fck markas\u0131 onu yaln\u0131zca \u00fclkemiz s\u0131n\u0131rlar\u0131 i\u00e7erinde de\u011fil d\u00fcnyaya tan\u0131tmak i\u00e7in \u00e7al\u0131\u015f\u0131yoruz. Bu bestede bunun i\u00e7in \u00e7ok \u00f6nemli bir ad\u0131m. En k\u0131sa s\u00fcrede kendisi ile g\u00f6r\u00fc\u015f\u00fcp e\u011fer s\u00fcre\u00e7te uygun olursa alb\u00fcm\u00fcn tan\u0131t\u0131m\u0131n\u0131 B\u00fcy\u00fck \u00d6nder Mustafa Kemal Atat\u00fcrk\u2019\u00fcn Yalova\u2019ya geli\u015f tarihi 19 A\u011fustos\u2019ta Y\u00fcr\u00fcyen K\u00f6\u015fk\u2019te yapmay\u0131 teklif edece\u011fim. Say\u0131n Say\u2019a bu katk\u0131s\u0131ndan dolay\u0131 \u00e7ok te\u015fekk\u00fcr ediyorum\u201d dedi.<\/span> <\/p>\n","protected":false},"excerpt":{"rendered":"<p>\u00dcnl\u00fc besteci ve piyano sanat\u00e7\u0131s\u0131 Faz\u0131l Say 4 \u015eubat tarihinde sosyal medya hesab\u0131ndan yapm\u0131\u015f oldu\u011fu payla\u015f\u0131mda haz\u0131rlad\u0131\u011f\u0131 yeni \u201cArt of<\/p>\n","protected":false},"author":1,"featured_media":5067,"comment_status":"open","ping_status":"open","sticky":false,"template":"","format":"standard","meta":[],"categories":[1],"tags":[],"_links":{"self":[{"href":"http:\/\/www.mertcanpolat.com.tr\/dev\/wp-json\/wp\/v2\/posts\/5066"}],"collection":[{"href":"http:\/\/www.mertcanpolat.com.tr\/dev\/wp-json\/wp\/v2\/posts"}],"about":[{"href":"http:\/\/www.mertcanpolat.com.tr\/dev\/wp-json\/wp\/v2\/types\/post"}],"author":[{"embeddable":true,"href":"http:\/\/www.mertcanpolat.com.tr\/dev\/wp-json\/wp\/v2\/users\/1"}],"replies":[{"embeddable":true,"href":"http:\/\/www.mertcanpolat.com.tr\/dev\/wp-json\/wp\/v2\/comments?post=5066"}],"version-history":[{"count":0,"href":"http:\/\/www.mertcanpolat.com.tr\/dev\/wp-json\/wp\/v2\/posts\/5066\/revisions"}],"wp:featuredmedia":[{"embeddable":true,"href":"http:\/\/www.mertcanpolat.com.tr\/dev\/wp-json\/wp\/v2\/media\/5067"}],"wp:attachment":[{"href":"http:\/\/www.mertcanpolat.com.tr\/dev\/wp-json\/wp\/v2\/media?parent=5066"}],"wp:term":[{"taxonomy":"category","embeddable":true,"href":"http:\/\/www.mertcanpolat.com.tr\/dev\/wp-json\/wp\/v2\/categories?post=5066"},{"taxonomy":"post_tag","embeddable":true,"href":"http:\/\/www.mertcanpolat.com.tr\/dev\/wp-json\/wp\/v2\/tags?post=5066"}],"curies":[{"name":"wp","href":"https:\/\/api.w.org\/{rel}","templated":true}]}}