{"id":5064,"date":"2017-02-07T17:07:00","date_gmt":"2017-02-07T17:07:00","guid":{"rendered":"http:\/\/www.mertcanpolat.com.tr\/dev\/index.php\/2017\/02\/07\/inceye-tazminat-cezasi\/"},"modified":"2017-02-07T17:07:00","modified_gmt":"2017-02-07T17:07:00","slug":"inceye-tazminat-cezasi","status":"publish","type":"post","link":"http:\/\/www.mertcanpolat.com.tr\/dev\/inceye-tazminat-cezasi\/","title":{"rendered":"\u0130NCE&#39;YE TAZM\u0130NAT CEZASI"},"content":{"rendered":"<p><b>\u00d6nceki Yalova Valisi Selim Cebiro\u011flu\u2019na bas\u0131n ve sosyal medya yoluyla hakaret etti\u011fi gerek\u00e7esiyle hakk\u0131nda dava a\u00e7\u0131lan CHP Yalova Milletvekili Muharrem \u0130nce, mahkemenin 10 bin TL tazminat cezas\u0131 karar\u0131n\u0131 de\u011ferlendirdi: \u201cG\u00fc\u00e7l\u00fcn\u00fcn yan\u0131nda de\u011fil, hakl\u0131n\u0131n yan\u0131nday\u0131m\u201d<\/b>   <\/p>\n<p> <span style=\"font-size: 14px;\">Eski Yalova Valisi Selim Cebiro\u011flu\u2019nun CHP Yalova Milletvekili Muharrem \u0130nce\u2019ye kar\u015f\u0131 a\u00e7t\u0131\u011f\u0131 tazminat davas\u0131 sonu\u00e7land\u0131. Yalova 1. Asliye Hukuk Mahkemesi \u00f6nceki g\u00fcn Cebiro\u011flu\u2019nun \u015fikayetini karara ba\u011flad\u0131 ve \u0130nce\u2019nin 10 bin TL tazminat \u00f6demesine karar verdi. \u0130nce, mahkemenin karar\u0131na ili\u015fkin yaz\u0131l\u0131 bir a\u00e7\u0131klama yaparak hakl\u0131n\u0131n yan\u0131nda olmaya devam edece\u011fini s\u00f6yledi.<\/span> <\/p>\n<p> <span style=\"font-size:14px;\">D\u00fc\u015f\u00fcncelerinde hi\u00e7bir de\u011fi\u015fme olmad\u0131\u011f\u0131n\u0131 belirten \u0130nce, \u201cGer\u00e7ek de her zaman ger\u00e7ektir\u201d yorumunu yapt\u0131. \u201cVali Cebiro\u011flu, hangi yarg\u0131 karar\u0131n\u0131 al\u0131rsa als\u0131n \u00f6\u011frencilerin \u00f6n\u00fcnde bir \u00f6\u011fretmene kar\u015f\u0131 yapt\u0131klar\u0131 ve s\u00f6yledikleriyle ilgili tepkim g\u00fc\u00e7l\u00fcn\u00fcn yan\u0131nda de\u011fil, hakl\u0131n\u0131n yan\u0131nda durmakt\u0131r. Bulunduklar\u0131 makamdan g\u00fc\u00e7 alan insanlar\u0131n yetkiyi nas\u0131l kulland\u0131klar\u0131 bu olayda g\u00f6r\u00fclm\u00fc\u015ft\u00fcr\u201d diyen \u0130nce, isyan\u0131n devam edece\u011fini s\u00f6yledi. \u0130nce, \u201cT\u00fcrkiye\u2019de bir daha Halil Serkan \u00d6z\u2019ler hayat\u0131n\u0131 kaybetmesin diye devam edecek. Ben elbette, birilerinin yapt\u0131\u011f\u0131 gibi yarg\u0131 kararlar\u0131na uymam, gere\u011fini yapmam, yarg\u0131\u00e7lara da b\u0131rak g\u00f6revini, gel partini se\u00e7, kar\u015f\u0131ma \u00e7\u0131k diyemem. Ben yarg\u0131da dava kaybetmi\u015f olabilirim. Bu sorun de\u011fil. Yarg\u0131n\u0131n ba\u011f\u0131ms\u0131zl\u0131\u011f\u0131 ve tarafs\u0131zl\u0131\u011f\u0131 ile ilgili g\u00f6r\u00fc\u015flerim ve ger\u00e7ekler de ortada durmaktad\u0131r. Gerek\u00e7eli karar\u0131n\u0131 hen\u00fcz g\u00f6rmedi\u011fim, taraf\u0131ma\/avukat\u0131ma tebli\u011f edilmeyen bu yarg\u0131 karar\u0131na kar\u015f\u0131 temyiz yolu ba\u015fta olmak \u00fczere her t\u00fcrl\u00fc hukuki m\u00fccadeleyi verece\u011fimin de bilinmesini istiyorum. Ancak benim i\u00e7in \u00f6nemli olan g\u00fc\u00e7l\u00fcden yana de\u011fil, hakl\u0131dan yana olmamd\u0131r. Hakl\u0131n\u0131n davas\u0131n\u0131 kazanmamd\u0131r\u201d dedi.<\/span> <\/p>\n<p> <span style=\"font-size:14px;\"> <strong>\u00dcst yarg\u0131ya ba\u015fvuracak<\/strong> <\/span> <\/p>\n<p> <span style=\"font-size:14px;\">Selim Cebiro\u011flu\u2019nun AKP \u0130l Ba\u015fkan\u0131 ve milletvekili adaylar\u0131n\u0131 yan\u0131na alarak tablet da\u011f\u0131t\u0131m\u0131na ili\u015fkin de yorumda bulunan Muharrem \u0130nce, \u015funlar\u0131 s\u00f6yledi:<\/span> <\/p>\n<p> <span style=\"font-size:14px;\">\u201c7 Haziran ve 1 Kas\u0131m se\u00e7imleri aras\u0131nda se\u00e7im h\u00fck\u00fcmeti i\u015f ba\u015f\u0131ndayken, AKP YSK karar\u0131yla iktidar partisi de\u011filken Vali\u2019nin AKP\u2019li milletvekili adaylar\u0131yla tablet da\u011f\u0131t\u0131m\u0131 t\u00f6reni d\u00fczenlemesi kamu g\u00fcc\u00fc kullanan birisi olarak taraf\u0131n\u0131 se\u00e7ti\u011fini ortaya koymu\u015ftur. Yalova Milletvekili olarak buna tepki g\u00f6stermemden daha do\u011fal ne olabilir? Ba\u011f\u0131ms\u0131zl\u0131\u011f\u0131n\u0131 ve tarafs\u0131zl\u0131\u011f\u0131n\u0131 yitirmi\u015f olsa da yarg\u0131 kararlar\u0131na kar\u015f\u0131 boynumuz k\u0131ldan incedir ve bu kararlara kar\u015f\u0131 ba\u015fvuraca\u011f\u0131m\u0131z yol ise yine \u00fcst yarg\u0131 yollar\u0131d\u0131r\u201d<\/span> <\/p>\n<p> <span style=\"font-size:14px;\"> <strong>\u2018Adam olamazs\u0131n\u2019 s\u00f6z\u00fc<\/strong> <\/span> <\/p>\n<p> <span style=\"font-size:14px;\">Eski Yalova Valisi Selim Cebiro\u011flu, incelemelerde bulundu\u011fu Termal Fen Lisesi\u2019nde \u00f6\u011fretmen Halil Serkan \u00d6z\u2019e \u2018Bu sa\u00e7 sakal ne, \u00f6\u011fretmene yak\u0131\u015f\u0131yor mu\u2019 demi\u015f, bu olay baz\u0131 \u00e7evrelerde b\u00fcy\u00fck tepkiyle kar\u015f\u0131lanm\u0131\u015ft\u0131. Olay\u0131n ard\u0131ndan d\u00fczenlenen \u00d6\u011fretmene Sayg\u0131 Mitingi\u2019nde \u00f6\u011fretmen \u00d6z, kalp krizi ge\u00e7irmi\u015f ve hayat\u0131n\u0131 kaybetmi\u015fti.<\/span> <\/p>\n<p> <span style=\"font-size:14px;\">Bu olay \u00fczerine CHP Yalova Milletvekili Muharrem \u0130nce, Vali Cebiro\u011flu\u2019na y\u00f6nelik \u201cBen sana vali olamazs\u0131n demedim. Adam olamazs\u0131n dedim\u201d yorumunu yapm\u0131\u015ft\u0131. \u0130nce\u2019nin bu s\u00f6zlerine Vali Cebiro\u011flu, tazminat davas\u0131 a\u00e7m\u0131\u015ft\u0131.<\/span> <\/p>\n<p>&nbsp;<\/p>\n<p>&nbsp;<\/p>\n","protected":false},"excerpt":{"rendered":"<p>\u00d6nceki Yalova Valisi Selim Cebiro\u011flu\u2019na bas\u0131n ve sosyal medya yoluyla hakaret etti\u011fi gerek\u00e7esiyle hakk\u0131nda dava a\u00e7\u0131lan CHP Yalova Milletvekili Muharrem<\/p>\n","protected":false},"author":1,"featured_media":5065,"comment_status":"open","ping_status":"open","sticky":false,"template":"","format":"standard","meta":[],"categories":[1],"tags":[],"_links":{"self":[{"href":"http:\/\/www.mertcanpolat.com.tr\/dev\/wp-json\/wp\/v2\/posts\/5064"}],"collection":[{"href":"http:\/\/www.mertcanpolat.com.tr\/dev\/wp-json\/wp\/v2\/posts"}],"about":[{"href":"http:\/\/www.mertcanpolat.com.tr\/dev\/wp-json\/wp\/v2\/types\/post"}],"author":[{"embeddable":true,"href":"http:\/\/www.mertcanpolat.com.tr\/dev\/wp-json\/wp\/v2\/users\/1"}],"replies":[{"embeddable":true,"href":"http:\/\/www.mertcanpolat.com.tr\/dev\/wp-json\/wp\/v2\/comments?post=5064"}],"version-history":[{"count":0,"href":"http:\/\/www.mertcanpolat.com.tr\/dev\/wp-json\/wp\/v2\/posts\/5064\/revisions"}],"wp:featuredmedia":[{"embeddable":true,"href":"http:\/\/www.mertcanpolat.com.tr\/dev\/wp-json\/wp\/v2\/media\/5065"}],"wp:attachment":[{"href":"http:\/\/www.mertcanpolat.com.tr\/dev\/wp-json\/wp\/v2\/media?parent=5064"}],"wp:term":[{"taxonomy":"category","embeddable":true,"href":"http:\/\/www.mertcanpolat.com.tr\/dev\/wp-json\/wp\/v2\/categories?post=5064"},{"taxonomy":"post_tag","embeddable":true,"href":"http:\/\/www.mertcanpolat.com.tr\/dev\/wp-json\/wp\/v2\/tags?post=5064"}],"curies":[{"name":"wp","href":"https:\/\/api.w.org\/{rel}","templated":true}]}}