{"id":5060,"date":"2017-02-09T15:08:00","date_gmt":"2017-02-09T15:08:00","guid":{"rendered":"http:\/\/www.mertcanpolat.com.tr\/dev\/index.php\/2017\/02\/09\/cinarcik-kent-konseyi-birlik-uyesi-oldu\/"},"modified":"2017-02-09T15:08:00","modified_gmt":"2017-02-09T15:08:00","slug":"cinarcik-kent-konseyi-birlik-uyesi-oldu","status":"publish","type":"post","link":"http:\/\/www.mertcanpolat.com.tr\/dev\/cinarcik-kent-konseyi-birlik-uyesi-oldu\/","title":{"rendered":"\u00c7INARCIK KENT KONSEY\u0130 B\u0130RL\u0130K \u00dcYES\u0130 OLDU"},"content":{"rendered":"<p><b>\u00c7\u0131narc\u0131k Kent Konseyi, T\u00fcrkiye Kent Konseyleri Birli\u011fi \u00fcyesi oldu.<\/b>   <\/p>\n<p> <span style=\"font-size:14px;\">\u00c7\u0131narc\u0131k Kent Konseyi Genel Sekreteri Recep \u00c7evik\u2019in yapt\u0131\u011f\u0131 ba\u015fvuru olumlu sonu\u00e7land\u0131 ve T\u00fcrkiye Kent Konseyleri Birli\u011fi&#8217;ne \u00fcyelik i\u015flemi ger\u00e7ekle\u015ftirildi. T\u00fcrkiye Kent Konseyleri Birli\u011fi D\u00f6nem Ba\u015fkan\u0131 Necati Binici imzas\u0131yla konseye iletilen yaz\u0131da &#8221;T\u00fcrkiye Kent Konseyi Birli\u011fi Derne\u011fi\u2019ne \u00fcye olmak \u00fczere; \u00c7\u0131narc\u0131k Kent Konseyi Genel Sekreteri Say\u0131n Recep \u00c7evik olarak yapm\u0131\u015f oldu\u011funuz ba\u015fvuru Y\u00fcr\u00fctme Kurulumuz taraf\u0131ndan ele al\u0131nm\u0131\u015f ve \u00fcyeli\u011finiz kabul edilmi\u015ftir. Bilgilerinizi, yap\u0131lacak Birlik toplant\u0131lar\u0131na Konseyinizi temsilen kat\u0131l\u0131mlar\u0131n\u0131z\u0131 rica eder, sayg\u0131lar sunar\u0131m\u201d ifadelerine yer verildi.<\/span> <\/p>\n<p> <span style=\"font-size:14px;\">\u00c7\u0131narc\u0131k Kent Konseyi Genel Sekreteri Recep \u00c7evik, yapt\u0131\u011f\u0131 a\u00e7\u0131klamada, \u201cYeni bir kent konseyi olmam\u0131za ra\u011fmen birlik i\u00e7erisinde yer almak bizim i\u00e7in gurur verici. Birlik i\u00e7erisinde yer alan di\u011fer konseyler ve birlik genelinden sa\u011flayaca\u011f\u0131m\u0131z fikir al\u0131\u015fveri\u015fleri konseyimizin ilerleyi\u015fine y\u00fckselen bir ivme kazand\u0131racakt\u0131r. Bununla birlikte yer alaca\u011f\u0131m\u0131z toplant\u0131lar sayesinde kentimiz yurdun d\u00f6rt bir yan\u0131ndan gelen kat\u0131l\u0131mc\u0131lar taraf\u0131ndan bilinen ve tan\u0131nan bir kent olacak&#8217; \u015feklinde konu\u015ftu.<\/span> <\/p>\n","protected":false},"excerpt":{"rendered":"<p>\u00c7\u0131narc\u0131k Kent Konseyi, T\u00fcrkiye Kent Konseyleri Birli\u011fi \u00fcyesi oldu. \u00c7\u0131narc\u0131k Kent Konseyi Genel Sekreteri Recep \u00c7evik\u2019in yapt\u0131\u011f\u0131 ba\u015fvuru olumlu sonu\u00e7land\u0131<\/p>\n","protected":false},"author":1,"featured_media":5061,"comment_status":"open","ping_status":"open","sticky":false,"template":"","format":"standard","meta":[],"categories":[1],"tags":[],"_links":{"self":[{"href":"http:\/\/www.mertcanpolat.com.tr\/dev\/wp-json\/wp\/v2\/posts\/5060"}],"collection":[{"href":"http:\/\/www.mertcanpolat.com.tr\/dev\/wp-json\/wp\/v2\/posts"}],"about":[{"href":"http:\/\/www.mertcanpolat.com.tr\/dev\/wp-json\/wp\/v2\/types\/post"}],"author":[{"embeddable":true,"href":"http:\/\/www.mertcanpolat.com.tr\/dev\/wp-json\/wp\/v2\/users\/1"}],"replies":[{"embeddable":true,"href":"http:\/\/www.mertcanpolat.com.tr\/dev\/wp-json\/wp\/v2\/comments?post=5060"}],"version-history":[{"count":0,"href":"http:\/\/www.mertcanpolat.com.tr\/dev\/wp-json\/wp\/v2\/posts\/5060\/revisions"}],"wp:featuredmedia":[{"embeddable":true,"href":"http:\/\/www.mertcanpolat.com.tr\/dev\/wp-json\/wp\/v2\/media\/5061"}],"wp:attachment":[{"href":"http:\/\/www.mertcanpolat.com.tr\/dev\/wp-json\/wp\/v2\/media?parent=5060"}],"wp:term":[{"taxonomy":"category","embeddable":true,"href":"http:\/\/www.mertcanpolat.com.tr\/dev\/wp-json\/wp\/v2\/categories?post=5060"},{"taxonomy":"post_tag","embeddable":true,"href":"http:\/\/www.mertcanpolat.com.tr\/dev\/wp-json\/wp\/v2\/tags?post=5060"}],"curies":[{"name":"wp","href":"https:\/\/api.w.org\/{rel}","templated":true}]}}