{"id":5058,"date":"2017-02-09T15:11:00","date_gmt":"2017-02-09T15:11:00","guid":{"rendered":"http:\/\/www.mertcanpolat.com.tr\/dev\/index.php\/2017\/02\/09\/ytso-suraya-katildi\/"},"modified":"2017-02-09T15:11:00","modified_gmt":"2017-02-09T15:11:00","slug":"ytso-suraya-katildi","status":"publish","type":"post","link":"http:\/\/www.mertcanpolat.com.tr\/dev\/ytso-suraya-katildi\/","title":{"rendered":"YTSO, \u015eURAYA KATILDI"},"content":{"rendered":"<p><b>T\u00fcrkiye Odalar ve Borsalar Birli\u011fi (TOBB) taraf\u0131ndan organize edilen, TOBB Ba\u015fkan\u0131 M.Rifat Hisarc\u0131kl\u0131o\u011flu\u2019nun ev sahipli\u011finde d\u00fczenlenen TOBB T\u00fcrkiye Ekonomi \u015euras\u0131na kat\u0131lan Yalova Ticaret ve Sanayi Odas\u0131 Y\u00f6netim Kurulu Ba\u015fkan\u0131 Tahsin Becan, YTSO Meclis Ba\u015fkan\u0131 Cemil Demiry\u00fcrek, Cumhurba\u015fkan\u0131 Recep Tayyip Erdo\u011fan, Ba\u015fbakan Binali Y\u0131ld\u0131r\u0131m ve ekonomiyle ilgili bakanlarla bir araya geldiler.<\/b>   <\/p>\n<p> <span style=\"font-size:14px;\">TOBB\u2019un organize etti\u011fi T\u00fcrkiye Ekonomi \u015euras\u0131, M. Rifat Hisarc\u0131kl\u0131o\u011flu\u2019un ev sahipli\u011finde, Cumhurba\u015fkan\u0131 Recep Tayyip Erdo\u011fan, Ba\u015fbakan Binali Y\u0131ld\u0131r\u0131m, Ba\u015fbakan Yard\u0131mc\u0131lar\u0131 Numan Kurtulmu\u015f, Mehmet \u015eim\u015fek ve Nurettin Canikli, Bilim, Sanayi ve Teknoloji Bakan\u0131 Faruk \u00d6zl\u00fc, \u00c7al\u0131\u015fma ve Sosyal G\u00fcvenlik Bakan\u0131 Mehmet M\u00fcezzino\u011flu, Ekonomi Bakan\u0131 Nihat Zeybekci, Enerji ve Tabii Kaynaklar Bakan\u0131 Berat Albayrak, G\u0131da, Tar\u0131m ve Hayvanc\u0131l\u0131k Bakan\u0131 Faruk \u00c7elik, G\u00fcmr\u00fck ve Ticaret Bakan\u0131 B\u00fclent T\u00fcfenkci, Kalk\u0131nma Bakan\u0131 L\u00fctfi Elvan ile Maliye Bakan\u0131 Naci A\u011fbal&#8217;\u0131n kat\u0131l\u0131m\u0131yla TOBB \u0130kiz Kuleler&#8217;de ger\u00e7ekle\u015ftirildi.<\/span> <\/p>\n<p> <span style=\"font-size:14px;\">Hisarc\u0131kl\u0131o\u011flu TOBB T\u00fcrkiye Ekonomi \u015euras\u0131\u2019nda yapt\u0131\u011f\u0131 konu\u015fmada, PKK ve DAE\u015e gibi ter\u00f6r \u00f6rg\u00fctlerinden sonra FET\u00d6&#8217;n\u00fcn &#8220;hain&#8221; darbe giri\u015fiminin de \u00fclkeye pek \u00e7ok s\u0131k\u0131nt\u0131 ya\u015fatt\u0131\u011f\u0131n\u0131 dile getirirken,&nbsp; &#8220;Cumhurba\u015fkan\u0131m\u0131z\u0131n liderli\u011finde ve milletimizin basiretli duru\u015fuyla bunlar\u0131n hepsini a\u015facak g\u00fcce ve azme sahip oldu\u011fumuzu g\u00f6sterdik.&#8221; diye konu\u015ftu.<\/span> <\/p>\n<p> <span style=\"font-size:14px;\">Art\u0131k 2017&#8217;ye bakt\u0131klar\u0131na dikkati \u00e7eken Hisarc\u0131kl\u0131o\u011flu, ya\u015fanan t\u00fcm \u00e7alkant\u0131lara ra\u011fmen \u00f6zel sekt\u00f6r\u00fcn son bir y\u0131lda 155 milyar liral\u0131k makine ve te\u00e7hizat yat\u0131r\u0131m\u0131 yapt\u0131\u011f\u0131n\u0131, 141 milyar dolarl\u0131k mal ihracat\u0131 ger\u00e7ekle\u015ftirdi\u011fini, turizm, denizcilik ve m\u00fcteahhitlik sekt\u00f6rlerinde 38 milyar dolarl\u0131k d\u00f6viz geliri elde edildi\u011fini kaydetti.<\/span> <\/p>\n<p> <span style=\"font-size:14px;\">Cumhurba\u015fkan\u0131 Recep Tayyip Erdo\u011fan ise, T\u00fcrkiye&#8217;nin son 14 y\u0131lda 3 kat b\u00fcy\u00fcmesinde, yap\u0131lan isti\u015farelerin b\u00fcy\u00fck katk\u0131s\u0131 bulundu\u011funu vurgulayarak, bug\u00fcn ve bundan sonra yap\u0131lacak i\u015f birli\u011finin 2023 hedefleri do\u011frultusundaki y\u00fcr\u00fcy\u00fc\u015f\u00fc h\u0131zland\u0131raca\u011f\u0131n\u0131n alt\u0131n\u0131 \u00e7izdi.<\/span> <\/p>\n<p> <span style=\"font-size:14px;\">Ekonomiyle ilgili her ad\u0131m\u0131 isti\u015fareyle att\u0131klar\u0131n\u0131 ifade eden Erdo\u011fan, yine b\u00f6yle bir isti\u015fare i\u00e7in bug\u00fcn bir araya geldiklerini belirtti. De\u011ferler sistemlerinde isti\u015farenin \u00e7ok farkl\u0131 yeri oldu\u011funu, isti\u015fareyle yollar\u0131na devam ettiklerini bildiren Erdo\u011fan, i\u015f adamlar\u0131n\u0131n \u00fclkeye, \u015fehirlere, sekt\u00f6rlere ili\u015fkin g\u00f6r\u00fc\u015flerinin daima k\u0131ymetli oldu\u011funu s\u00f6yledi<\/span> <\/p>\n<p> <span style=\"font-size:14px;\">Cumhurba\u015fkan\u0131 Erdo\u011fan, ne zaman T\u00fcrkiye g\u00fcvenlik sorunlar\u0131yla kar\u015f\u0131la\u015fsa hemen ekonomiyi durdurmayla ilgili \u00e7a\u011fr\u0131lar, d\u00f6viz ve faiz manip\u00fclasyonlar\u0131 ve \u00fcreticileri \u00fcrk\u00fctmeye y\u00f6nelik taktiklerin beraberinde zuhur etti\u011fine i\u015faret ederek, &#8220;Sadece i\u00e7eride de\u011fil ayn\u0131 zamanda d\u0131\u015far\u0131da zuhur ediyor. Kredi derecelendirme kurulu\u015flar\u0131n\u0131n T\u00fcrkiye ile ilgili att\u0131klar\u0131 ad\u0131m\u0131n alt\u0131nda ne yat\u0131yor zannediyoruz? Orada da yatan kesinlikle bir ekonomik ter\u00f6rle, bu ter\u00f6r\u00fc estirmek suretiyle acaba biz T\u00fcrkiye&#8217;yi nas\u0131l \u00fcrk\u00fct\u00fcr\u00fcz, bunun gayreti i\u00e7erisine girdiler.&#8221; de\u011ferlendirmesinde bulundu.<\/span> <\/p>\n<p> <span style=\"font-size:14px;\">Ba\u015fbakan Binali Y\u0131ld\u0131r\u0131m da, TOBB \u00fcyelerine hitaben, &#8220;Her bir \u00fcye bir ki\u015fiyi istihdam etse 1,5 milyon yeni i\u015f alan\u0131, yeni a\u015f anlam\u0131na geliyor. \u0130\u015fte bug\u00fcn burada Cumhurba\u015fkan\u0131m\u0131z da ifade etti, en az bir. Bu say\u0131y\u0131 art\u0131rd\u0131\u011f\u0131m\u0131z zaman iki olunca 3 milyondan bahsediyoruz. Siz ekonomiyi b\u00fcy\u00fctmek i\u00e7in, insanlar\u0131m\u0131za yeni i\u015f alan\u0131 olu\u015fturmak i\u00e7in bir ad\u0131m att\u0131\u011f\u0131n\u0131zda biz de iki ad\u0131m ataca\u011f\u0131z. Bu y\u00fck\u00fc sadece size ta\u015f\u0131tmayaca\u011f\u0131z.&#8221; dedi.<\/span> <\/p>\n<p> <span style=\"font-size:14px;\">\u015euran\u0131n \u00f6zellikle 2017&#8217;nin ilk g\u00fcnlerinde yap\u0131lmas\u0131n\u0131n ekonomi a\u00e7\u0131s\u0131ndan \u00e7ok \u00f6nemli oldu\u011funu ifade eden Y\u0131ld\u0131r\u0131m, \u00fclkenin her bir k\u00f6\u015fesinden oda ve borsa temsilcilerinin gelmesiyle ekonominin nabz\u0131n\u0131n Ankara&#8217;da att\u0131\u011f\u0131n\u0131 belirtti.<\/span> <\/p>\n<p> <span style=\"font-size:14px;\">\u015eura ile ilgili bir a\u00e7\u0131klama yapan Yalova Ticaret ve Sanayi Odas\u0131 Y\u00f6netim Kurulu Ba\u015fkan\u0131 Tahsin Becan, &#8220;Cumhurba\u015fkan\u0131m\u0131z Recep Tayyip Erdo\u011fan, Ba\u015fbakan\u0131m\u0131z Binali Y\u0131ld\u0131r\u0131m ve ekonomiyle ilgili bakanlar\u0131m\u0131z\u0131n kat\u0131l\u0131m\u0131yla TOBB Ba\u015fkan\u0131m\u0131z M.Rifat Hisarc\u0131kl\u0131o\u011flu\u2019nun ev sahipli\u011finde yap\u0131lan Oda ve Borsalar\u0131m\u0131zdaki, TOBB T\u00fcrkiye Sekt\u00f6r Meclislerindeki ve Organize Sanayi B\u00f6lgelerindeki t\u00fcccar ve sanayicilerimizin kar\u015f\u0131la\u015ft\u0131klar\u0131 genel, sekt\u00f6rel ve b\u00f6lgesel sorunlar ve bu sorunlar ile ilgili \u00e7\u00f6z\u00fcm \u00f6nerilerinin ele al\u0131nd\u0131\u011f\u0131 TOBB T\u00fcrkiye Ekonomi \u015furas\u0131na Odam\u0131z\u0131 temsilen Meclis Ba\u015fkan\u0131m\u0131z Cemil Demiry\u00fcrek ile birlikte i\u015ftirak ettik. Yedi co\u011frafi b\u00f6lgemizi temsilen Oda ve Borsa ba\u015fkanlar\u0131m\u0131z Ticaret ve Sanayinin \u00f6n\u00fcndeki engeller ve \u00e7\u00f6z\u00fcm \u00f6nerileri ile ilgili konu\u015fmalar\u0131n\u0131 ger\u00e7ekle\u015ftirdiler.<\/span> <\/p>\n<p> <span style=\"font-size:14px;\">Cumhurba\u015fkan\u0131m\u0131z Say\u0131n Recep Tayyip Erdo\u011fan ba\u015fta olmak \u00fczere, i\u015f d\u00fcnyam\u0131z\u0131n \u00f6n\u00fcn\u00fc a\u00e7acak \u00e7al\u0131\u015fmalar\u0131 bizzat y\u00fcr\u00fctece\u011fini ifade eden devletimize ve T\u00fcrkiye Odalar ve Borsalar Birli\u011fimize te\u015fekk\u00fcr ediyoruz\u201d dedi.<\/span> <\/p>\n","protected":false},"excerpt":{"rendered":"<p>T\u00fcrkiye Odalar ve Borsalar Birli\u011fi (TOBB) taraf\u0131ndan organize edilen, TOBB Ba\u015fkan\u0131 M.Rifat Hisarc\u0131kl\u0131o\u011flu\u2019nun ev sahipli\u011finde d\u00fczenlenen TOBB T\u00fcrkiye Ekonomi \u015euras\u0131na<\/p>\n","protected":false},"author":1,"featured_media":5059,"comment_status":"open","ping_status":"open","sticky":false,"template":"","format":"standard","meta":[],"categories":[1],"tags":[],"_links":{"self":[{"href":"http:\/\/www.mertcanpolat.com.tr\/dev\/wp-json\/wp\/v2\/posts\/5058"}],"collection":[{"href":"http:\/\/www.mertcanpolat.com.tr\/dev\/wp-json\/wp\/v2\/posts"}],"about":[{"href":"http:\/\/www.mertcanpolat.com.tr\/dev\/wp-json\/wp\/v2\/types\/post"}],"author":[{"embeddable":true,"href":"http:\/\/www.mertcanpolat.com.tr\/dev\/wp-json\/wp\/v2\/users\/1"}],"replies":[{"embeddable":true,"href":"http:\/\/www.mertcanpolat.com.tr\/dev\/wp-json\/wp\/v2\/comments?post=5058"}],"version-history":[{"count":0,"href":"http:\/\/www.mertcanpolat.com.tr\/dev\/wp-json\/wp\/v2\/posts\/5058\/revisions"}],"wp:featuredmedia":[{"embeddable":true,"href":"http:\/\/www.mertcanpolat.com.tr\/dev\/wp-json\/wp\/v2\/media\/5059"}],"wp:attachment":[{"href":"http:\/\/www.mertcanpolat.com.tr\/dev\/wp-json\/wp\/v2\/media?parent=5058"}],"wp:term":[{"taxonomy":"category","embeddable":true,"href":"http:\/\/www.mertcanpolat.com.tr\/dev\/wp-json\/wp\/v2\/categories?post=5058"},{"taxonomy":"post_tag","embeddable":true,"href":"http:\/\/www.mertcanpolat.com.tr\/dev\/wp-json\/wp\/v2\/tags?post=5058"}],"curies":[{"name":"wp","href":"https:\/\/api.w.org\/{rel}","templated":true}]}}