{"id":5054,"date":"2017-02-09T15:22:00","date_gmt":"2017-02-09T15:22:00","guid":{"rendered":"http:\/\/www.mertcanpolat.com.tr\/dev\/index.php\/2017\/02\/09\/yaren-milli-takimda\/"},"modified":"2017-02-09T15:22:00","modified_gmt":"2017-02-09T15:22:00","slug":"yaren-milli-takimda","status":"publish","type":"post","link":"http:\/\/www.mertcanpolat.com.tr\/dev\/yaren-milli-takimda\/","title":{"rendered":"YAREN, M\u0130LL\u0130 TAKIMDA"},"content":{"rendered":"<p><b>Yalova Gen\u00e7lik Hizmetleri Spor \u0130l M\u00fcd\u00fcrl\u00fc\u011f\u00fc ve Halk E\u011fitim Merkezi M\u00fcd\u00fcrl\u00fc\u011f\u00fc b\u00fcnyesinde \u00e7al\u0131\u015fmalar\u0131n\u0131 s\u00fcrd\u00fcren Tekvando \u0130htisas Kul\u00fcb\u00fc sporcular\u0131ndan Yaren Pelin \u00c7ift\u00e7i\u2019ye milli tak\u0131mdan davet geldi.<\/b>   <\/p>\n<p> <span style=\"font-size:14px;\">T\u00fcrkiye Tekvando Federasyonu taraf\u0131ndan 02-14 \u015eubat tarihleri aras\u0131nda Antalya Belek\u2019te d\u00fczenlenecek&nbsp; \u201cUluslararas\u0131 Turkish Open \u201c turnuvas\u0131nda Yaloval\u0131 sporcu Yaren Pelin \u00c7ift\u00e7i de yar\u0131\u015facak. <\/span> <\/p>\n<p> <span style=\"font-size:14px;\">Gen\u00e7 sporcunun antren\u00f6r\u00fc Mehmet Ersoy, &nbsp;\u201cSpora ba\u015flad\u0131\u011f\u0131 ufak ya\u015ftan itibaren \u00e7al\u0131\u015fmalar\u0131n\u0131 aksatmadan s\u00fcrd\u00fcren sporcumuzun \u00e7al\u0131\u015fmalar\u0131n\u0131n ve emeklerinin kar\u015f\u0131l\u0131\u011f\u0131n\u0131 ald\u0131\u011f\u0131n\u0131 g\u00f6rmek bizleri sevindirdi. Sporcumuzun uluslararas\u0131 anlamda \u00f6nem ta\u015f\u0131yan m\u00fcsabakada \u00fclkemizi temsil edecek olmas\u0131 da ayr\u0131ca bizleri gururland\u0131rd\u0131. Bu \u00f6nemli m\u00fcsabakada ilimizi ve \u00fclkemizi en iyi \u015fekilde temsil edece\u011fine inanc\u0131m\u0131z tam\u201d dedi.<\/span> <\/p>\n","protected":false},"excerpt":{"rendered":"<p>Yalova Gen\u00e7lik Hizmetleri Spor \u0130l M\u00fcd\u00fcrl\u00fc\u011f\u00fc ve Halk E\u011fitim Merkezi M\u00fcd\u00fcrl\u00fc\u011f\u00fc b\u00fcnyesinde \u00e7al\u0131\u015fmalar\u0131n\u0131 s\u00fcrd\u00fcren Tekvando \u0130htisas Kul\u00fcb\u00fc sporcular\u0131ndan Yaren Pelin<\/p>\n","protected":false},"author":1,"featured_media":5055,"comment_status":"open","ping_status":"open","sticky":false,"template":"","format":"standard","meta":[],"categories":[1],"tags":[],"_links":{"self":[{"href":"http:\/\/www.mertcanpolat.com.tr\/dev\/wp-json\/wp\/v2\/posts\/5054"}],"collection":[{"href":"http:\/\/www.mertcanpolat.com.tr\/dev\/wp-json\/wp\/v2\/posts"}],"about":[{"href":"http:\/\/www.mertcanpolat.com.tr\/dev\/wp-json\/wp\/v2\/types\/post"}],"author":[{"embeddable":true,"href":"http:\/\/www.mertcanpolat.com.tr\/dev\/wp-json\/wp\/v2\/users\/1"}],"replies":[{"embeddable":true,"href":"http:\/\/www.mertcanpolat.com.tr\/dev\/wp-json\/wp\/v2\/comments?post=5054"}],"version-history":[{"count":0,"href":"http:\/\/www.mertcanpolat.com.tr\/dev\/wp-json\/wp\/v2\/posts\/5054\/revisions"}],"wp:featuredmedia":[{"embeddable":true,"href":"http:\/\/www.mertcanpolat.com.tr\/dev\/wp-json\/wp\/v2\/media\/5055"}],"wp:attachment":[{"href":"http:\/\/www.mertcanpolat.com.tr\/dev\/wp-json\/wp\/v2\/media?parent=5054"}],"wp:term":[{"taxonomy":"category","embeddable":true,"href":"http:\/\/www.mertcanpolat.com.tr\/dev\/wp-json\/wp\/v2\/categories?post=5054"},{"taxonomy":"post_tag","embeddable":true,"href":"http:\/\/www.mertcanpolat.com.tr\/dev\/wp-json\/wp\/v2\/tags?post=5054"}],"curies":[{"name":"wp","href":"https:\/\/api.w.org\/{rel}","templated":true}]}}