{"id":5050,"date":"2017-02-09T15:37:00","date_gmt":"2017-02-09T15:37:00","guid":{"rendered":"http:\/\/www.mertcanpolat.com.tr\/dev\/index.php\/2017\/02\/09\/iki-yeni-parka-anlamli-isimler\/"},"modified":"2017-02-09T15:37:00","modified_gmt":"2017-02-09T15:37:00","slug":"iki-yeni-parka-anlamli-isimler","status":"publish","type":"post","link":"http:\/\/www.mertcanpolat.com.tr\/dev\/iki-yeni-parka-anlamli-isimler\/","title":{"rendered":"\u0130K\u0130 YEN\u0130 PARKA ANLAMLI \u0130S\u0130MLER"},"content":{"rendered":"<p><b>Yalova\u2019da belediye taraf\u0131ndan Dere Mahallesi\u2019ne yapt\u0131r\u0131lan iki yeni parka Yalova\u2019n\u0131n iki \u00f6nemli ki\u015finin isimleri verildi.<\/b>   <\/p>\n<p> <span style=\"font-size:14px;\">Yalova Belediyesi, Dere Mahallesi\u2019nde yap\u0131lan 2 parkla 2 \u00f6nemli ismi \u00f6l\u00fcms\u00fczle\u015ftirdi. Yalova Belediye Ba\u015fkan\u0131 Vefa Salman\u2019\u0131n talimat\u0131yla, in\u015fa edilen parklara Kemal Aslan ile Cumhuriyet \u00d6\u011fretmeni Macide Alp\u2019in isimleri verildi. Ba\u015fkan Salman, her iki park\u0131 da ziyaret ederek incelemelerde bulundu.<\/span> <\/p>\n<p> <span style=\"font-size:14px;\">\u0130smail Toker Caddesi\u2019nde 2276 metrekare yer i\u00e7erisine in\u015fa edilen Macide Alp Spor Alan\u0131 i\u00e7erisinde; basketbol sahas\u0131 ve mini hal\u0131 saha yer al\u0131yor. \u00c7evre d\u00fczenlemesi i\u00e7in \u00e7e\u015fitli t\u00fcrde a\u011fa\u00e7lar dikilen park i\u00e7erisine banklarda konuldu. Mamu\u015fo\u011flu Sokak\u2019ta 1610 metrekare alan i\u00e7erisine in\u015fa edilen Kemal Aslan park\u0131nda ise 1 adet basketbol sahas\u0131, \u00e7ocuk oyun grubu, kamelya ve banklar yer al\u0131yor. \u00c7evre d\u00fczenlemesi ve ye\u015fillendirme \u00e7al\u0131\u015fmalar\u0131 da tamamland\u0131.<img alt=\"\" src=\"http:\/\/ajansyalova.com\/Images\/Thumbs\/Editor\/5879-macidealpparki.jpeg\" style=\"border-width: 2px; border-style: solid; margin: 2px; float: right; width: 750px; height: 500px;\" \/> <\/span> <\/p>\n<p> <span style=\"font-size:14px;\">Salman\u2019dan vefa \u00f6rne\u011fi<\/span> <\/p>\n<p> <span style=\"font-size:14px;\">Ba\u015fkan Salman, \u201cE\u011fitim, sa\u011fl\u0131k, sanat ve k\u00fclt\u00fcr alan\u0131nda yapt\u0131klar\u0131yla 2009 y\u0131l\u0131nda T\u00fcrkiye B\u00fcy\u00fck Millet Meclisi \u00dcst\u00fcn Hizmet \u00f6d\u00fcl\u00fcne lay\u0131k g\u00f6r\u00fclen Cumhuriyet \u00d6\u011fretmeni Macide Alp\u2019in ad\u0131n\u0131 yeni yap\u0131lan spor alan\u0131na verdik. Kendisi T\u00fcrkiye ve kentimiz tarihinde \u00f6nemli bir yere sahip. Atat\u00fcrk Bilim ve Sanat Merkezi Okulu, Kocadere \u015eehitli\u011fi, Yalova ve \u00c7\u0131narc\u0131k meydanlar\u0131nda heykellerin dikilmesi, hastanelere ve camilere morglar\u0131n yap\u0131lmas\u0131n\u0131 sa\u011flayan Macide Alp\u2019in ismini bu parkla ya\u015fatmaya kara verdik. Ayr\u0131ca kentimizin siyasi tarihinde \u00f6nemli bir yere sahip olan Kemal Aslan\u2019\u0131n ad\u0131n\u0131 da yap\u0131lan di\u011fer park\u0131m\u0131za verdik. Tarihimizde \u00f6nemli i\u015fler yapm\u0131\u015f, \u00f6nemli ba\u015far\u0131lar g\u00f6stermi\u015f ki\u015filerin isimlerini Yalova\u2019m\u0131z da \u00f6l\u00fcms\u00fczle\u015ftirmeye devam edece\u011fiz. Yeni parklar\u0131m\u0131z kentimize hay\u0131rl\u0131 olsun\u201d dedi.<\/span> <\/p>\n<p> <span style=\"font-size:14px;\">\u0130ncelemeler s\u0131ras\u0131nda parkta bulunan \u00e7ocuklarla da bir araya gelen Ba\u015fkan Salman, daha sonra onlarla top oynayarak foto\u011fraf \u00e7ektirdi. &nbsp;<\/span> <\/p>\n","protected":false},"excerpt":{"rendered":"<p>Yalova\u2019da belediye taraf\u0131ndan Dere Mahallesi\u2019ne yapt\u0131r\u0131lan iki yeni parka Yalova\u2019n\u0131n iki \u00f6nemli ki\u015finin isimleri verildi. Yalova Belediyesi, Dere Mahallesi\u2019nde yap\u0131lan<\/p>\n","protected":false},"author":1,"featured_media":5051,"comment_status":"open","ping_status":"open","sticky":false,"template":"","format":"standard","meta":[],"categories":[1],"tags":[],"_links":{"self":[{"href":"http:\/\/www.mertcanpolat.com.tr\/dev\/wp-json\/wp\/v2\/posts\/5050"}],"collection":[{"href":"http:\/\/www.mertcanpolat.com.tr\/dev\/wp-json\/wp\/v2\/posts"}],"about":[{"href":"http:\/\/www.mertcanpolat.com.tr\/dev\/wp-json\/wp\/v2\/types\/post"}],"author":[{"embeddable":true,"href":"http:\/\/www.mertcanpolat.com.tr\/dev\/wp-json\/wp\/v2\/users\/1"}],"replies":[{"embeddable":true,"href":"http:\/\/www.mertcanpolat.com.tr\/dev\/wp-json\/wp\/v2\/comments?post=5050"}],"version-history":[{"count":0,"href":"http:\/\/www.mertcanpolat.com.tr\/dev\/wp-json\/wp\/v2\/posts\/5050\/revisions"}],"wp:featuredmedia":[{"embeddable":true,"href":"http:\/\/www.mertcanpolat.com.tr\/dev\/wp-json\/wp\/v2\/media\/5051"}],"wp:attachment":[{"href":"http:\/\/www.mertcanpolat.com.tr\/dev\/wp-json\/wp\/v2\/media?parent=5050"}],"wp:term":[{"taxonomy":"category","embeddable":true,"href":"http:\/\/www.mertcanpolat.com.tr\/dev\/wp-json\/wp\/v2\/categories?post=5050"},{"taxonomy":"post_tag","embeddable":true,"href":"http:\/\/www.mertcanpolat.com.tr\/dev\/wp-json\/wp\/v2\/tags?post=5050"}],"curies":[{"name":"wp","href":"https:\/\/api.w.org\/{rel}","templated":true}]}}