{"id":5048,"date":"2017-02-09T15:43:00","date_gmt":"2017-02-09T15:43:00","guid":{"rendered":"http:\/\/www.mertcanpolat.com.tr\/dev\/index.php\/2017\/02\/09\/dere-islahlari-bitiyor\/"},"modified":"2017-02-09T15:43:00","modified_gmt":"2017-02-09T15:43:00","slug":"dere-islahlari-bitiyor","status":"publish","type":"post","link":"http:\/\/www.mertcanpolat.com.tr\/dev\/dere-islahlari-bitiyor\/","title":{"rendered":"DERE ISLAHLARI B\u0130T\u0130YOR"},"content":{"rendered":"<p><b>Yalova Belediye Ba\u015fkan\u0131 Vefa Salman, Safran Deresi yata\u011f\u0131 \u00fczerinde devam eden \u0131slah \u00e7al\u0131\u015fmalar\u0131n\u0131 inceleyerek ge\u00e7ti\u011fimiz g\u00fcn Belediye Meclisi\u2019nin de g\u00fcndemine gelen konu hakk\u0131nda a\u00e7\u0131klamalarda bulundu.<\/b>   <\/p>\n<p> <span style=\"font-size:14px;\">Yalova Belediyesi taraf\u0131ndan Safran Deresi yata\u011f\u0131nda s\u00fcrd\u00fcr\u00fclen \u0131slah \u00e7al\u0131\u015fmalar\u0131n\u0131 yerinde inceleyen Ba\u015fkan Salman, Ekim ay\u0131na kadar yap\u0131m s\u00fcresi olan i\u015fin en h\u0131zl\u0131 \u015fekilde tamamlanmas\u0131 talimat\u0131n\u0131 verdi. Ba\u015fkan Salman, duvar yap\u0131m\u0131ndan sonra b\u00f6lgede ferforje korkuluk ve ayd\u0131nlatma \u00e7al\u0131\u015fmas\u0131yla \u00e7evre d\u00fczenlemelerinin de yap\u0131laca\u011f\u0131n\u0131 belirtti. &nbsp;<\/span> <\/p>\n<p> <span style=\"font-size:14px;\"> <strong>Kaz\u0131miye Deresi Islah Edildi<\/strong> <\/span> <\/p>\n<p> <span style=\"font-size:14px;\">DS\u0130 taraf\u0131ndan dere yataklar\u0131nda yap\u0131lmas\u0131 gereken \u0131slah \u00e7al\u0131\u015fmalar\u0131nda inisiyatif alan Yalova Belediyesi daha \u00f6nce \u0130smet Pa\u015fa Mahallesi s\u0131n\u0131rlar\u0131 i\u00e7erisinde Kaz\u0131miye Deresi\u2019nde \u0131slah \u00e7al\u0131\u015fmas\u0131 ger\u00e7ekle\u015ftirmi\u015fti. \u0130n\u015faat ruhsatlar\u0131nda ve iskan al\u0131m\u0131nda b\u00fcy\u00fck s\u0131k\u0131nt\u0131lara neden olan \u00e7al\u0131\u015fman\u0131n tamamlanmas\u0131yla b\u00f6lgenin \u0131slah \u00e7al\u0131\u015fmas\u0131 yap\u0131lan k\u0131sm\u0131nda sorun ortadan kald\u0131r\u0131ld\u0131.<\/span> <\/p>\n<p> <span style=\"font-size:14px;\"> <strong>\u0130nsiyatif ald\u0131k<\/strong> <\/span> <\/p>\n<p> <span style=\"font-size:14px;\">Islah \u00e7al\u0131\u015fmalar\u0131n\u0131 yerinde inceleyen Yalova Belediye Ba\u015fkan\u0131 Vefa Salman, \u201cDere yata\u011f\u0131 ta\u015fk\u0131n sahas\u0131 nedeniyle imar konusunda s\u0131k\u0131nt\u0131lar ya\u015f\u0131yor, dere \u0131slahlar\u0131 yap\u0131lmad\u0131\u011f\u0131 i\u00e7in vatanda\u015flar\u0131m\u0131z ruhsat alam\u0131yordu. \u0130smet Pa\u015fa Mahallesi ile \u00c7iftlikk\u00f6y s\u0131n\u0131rlar\u0131 i\u00e7erisinden ge\u00e7en Kaz\u0131miye Deresi\u2019nde \u0131slah \u00e7al\u0131\u015fmas\u0131n\u0131n 500 metresini biz 500 metresini \u00c7iftlikk\u00f6y Belediyesi olmak \u00fczere 1 km olarak ger\u00e7ekle\u015ftirdik ve vatanda\u015flar\u0131m\u0131z\u0131n buradaki ma\u011fduriyetini ortadan kald\u0131rd\u0131k. Adnan Menderes ve Dere Mahallelerimizin s\u0131n\u0131rlar\u0131 i\u00e7erisinden ge\u00e7en Safran Deresi yata\u011f\u0131nda da ayn\u0131 \u00e7al\u0131\u015fmay\u0131 ger\u00e7ekle\u015ftirmeye ba\u015flad\u0131k. 1.2 km\u2019lik k\u0131s\u0131mda ba\u015flatt\u0131\u011f\u0131m\u0131z \u00e7al\u0131\u015fman\u0131n 900 metre duvar i\u015fini tamamlad\u0131k. Dere yata\u011f\u0131n\u0131 22 metre geni\u015fli\u011finde olacak \u015fekilde \u00e7al\u0131\u015fmam\u0131z\u0131 yap\u0131yoruz. Kalan 300 metre duvar i\u015fleminin de hava \u015fartlar\u0131na ba\u011fl\u0131 olarak Haziran ay\u0131na kadar tamamlanmas\u0131 planlan\u0131yoruz. Bu \u00e7al\u0131\u015fma tamamland\u0131\u011f\u0131nda imar hududumuza 1 km\u2019lik bir mesafe kal\u0131yor. Bu k\u0131sm\u0131nda projesini haz\u0131rlad\u0131k. Bu b\u00f6lgelerde olu\u015fan ma\u011fduriyetleri gidermek ad\u0131na DS\u0130 taraf\u0131ndan yap\u0131lmas\u0131 gereken i\u015flemi Yalova Belediyesi olarak \u00fczerimize ald\u0131k ve ger\u00e7ekle\u015ftirdik. Kaz\u0131miye Deresi\u2019ndeki s\u0131k\u0131nt\u0131y\u0131 \u00e7\u00f6zd\u00fck. Safran Deresi\u2019ndeki s\u0131k\u0131nt\u0131y\u0131 da \u00e7\u00f6zmek ad\u0131na sona yakla\u015ft\u0131k. Samanl\u0131 Deresi ve Balaban Deresi\u2019nde de ayn\u0131 i\u015flemler yap\u0131lmal\u0131. Di\u011fer iki derenin de \u00e7\u00f6z\u00fcme kavu\u015fturulmas\u0131 i\u00e7in DS\u0130 ile g\u00f6r\u00fc\u015f\u00fcyoruz. Biran \u00f6nce bu iki alanda da \u00e7al\u0131\u015fma yap\u0131lmal\u0131 ve vatanda\u015flar\u0131m\u0131z\u0131n ma\u011fduriyeti giderilmeli\u201d dedi.&nbsp;&nbsp; &nbsp;&nbsp;<\/span> <\/p>\n","protected":false},"excerpt":{"rendered":"<p>Yalova Belediye Ba\u015fkan\u0131 Vefa Salman, Safran Deresi yata\u011f\u0131 \u00fczerinde devam eden \u0131slah \u00e7al\u0131\u015fmalar\u0131n\u0131 inceleyerek ge\u00e7ti\u011fimiz g\u00fcn Belediye Meclisi\u2019nin de g\u00fcndemine<\/p>\n","protected":false},"author":1,"featured_media":5049,"comment_status":"open","ping_status":"open","sticky":false,"template":"","format":"standard","meta":[],"categories":[1],"tags":[],"_links":{"self":[{"href":"http:\/\/www.mertcanpolat.com.tr\/dev\/wp-json\/wp\/v2\/posts\/5048"}],"collection":[{"href":"http:\/\/www.mertcanpolat.com.tr\/dev\/wp-json\/wp\/v2\/posts"}],"about":[{"href":"http:\/\/www.mertcanpolat.com.tr\/dev\/wp-json\/wp\/v2\/types\/post"}],"author":[{"embeddable":true,"href":"http:\/\/www.mertcanpolat.com.tr\/dev\/wp-json\/wp\/v2\/users\/1"}],"replies":[{"embeddable":true,"href":"http:\/\/www.mertcanpolat.com.tr\/dev\/wp-json\/wp\/v2\/comments?post=5048"}],"version-history":[{"count":0,"href":"http:\/\/www.mertcanpolat.com.tr\/dev\/wp-json\/wp\/v2\/posts\/5048\/revisions"}],"wp:featuredmedia":[{"embeddable":true,"href":"http:\/\/www.mertcanpolat.com.tr\/dev\/wp-json\/wp\/v2\/media\/5049"}],"wp:attachment":[{"href":"http:\/\/www.mertcanpolat.com.tr\/dev\/wp-json\/wp\/v2\/media?parent=5048"}],"wp:term":[{"taxonomy":"category","embeddable":true,"href":"http:\/\/www.mertcanpolat.com.tr\/dev\/wp-json\/wp\/v2\/categories?post=5048"},{"taxonomy":"post_tag","embeddable":true,"href":"http:\/\/www.mertcanpolat.com.tr\/dev\/wp-json\/wp\/v2\/tags?post=5048"}],"curies":[{"name":"wp","href":"https:\/\/api.w.org\/{rel}","templated":true}]}}