{"id":5044,"date":"2017-02-09T16:48:00","date_gmt":"2017-02-09T16:48:00","guid":{"rendered":"http:\/\/www.mertcanpolat.com.tr\/dev\/index.php\/2017\/02\/09\/chp-kan-tazeledi\/"},"modified":"2017-02-09T16:48:00","modified_gmt":"2017-02-09T16:48:00","slug":"chp-kan-tazeledi","status":"publish","type":"post","link":"http:\/\/www.mertcanpolat.com.tr\/dev\/chp-kan-tazeledi\/","title":{"rendered":"CHP KAN TAZELED\u0130"},"content":{"rendered":"<p><b>CHP \u0130l Kad\u0131n Kollar\u0131 Ba\u015fkanl\u0131\u011f\u0131 taraf\u0131ndan parti binas\u0131nda kan ba\u011f\u0131\u015f kampanyas\u0131 d\u00fczenlendi.<\/b>   <\/p>\n<p> <span style=\"font-size:14px;\">\u0130l binas\u0131nda d\u00fczenlenen kan ba\u011f\u0131\u015f\u0131 kampanyas\u0131na parti y\u00f6neticileri ve \u00fcyeler kat\u0131ld\u0131. Yakla\u015f\u0131k 5 saat s\u00fcren kampanya b\u00fcy\u00fck ilgi g\u00f6r\u00fcrken Kad\u0131n Kolu Ba\u015fkan\u0131 Meryem Ata\u00e7, Merkez \u0130l\u00e7e Ba\u015fkan\u0131 Ertan \u015eener, \u0130l Genel Meclis \u00dcyesi Bahar Do\u011fan, Gen\u00e7lik Kolu Ba\u015fkan\u0131 Erdem Do\u011fanc\u0131 da kan ba\u011f\u0131\u015f\u0131 kampanyas\u0131na kat\u0131ld\u0131.<\/span> <\/p>\n<p> <span style=\"font-size:14px;\">\u0130l Kad\u0131n Kollar\u0131 Ba\u015fkan\u0131 Meryem Ata\u00e7 yapt\u0131\u011f\u0131 a\u00e7\u0131klamada, \u201c\u00c7anakkale\u2019den gelen s\u0131k\u0131nt\u0131l\u0131 deprem haberleri bizleri haz\u0131rl\u0131kl\u0131 olmaya itiyor. Her ihtimale kar\u015f\u0131n K\u0131z\u0131lay\u2019\u0131m\u0131z\u0131n kan stoklar\u0131n\u0131n yeterli olmas\u0131 \u00e7ok \u00f6nemlidir. &nbsp;Kan vermenin kutsal bir g\u00f6rev oldu\u011fu bilinciyle il merkezimize gelen kan veren ve yeterli de\u011ferleri olmay\u0131p veremeyen t\u00fcm arkada\u015flar\u0131m\u0131za \u0130l Ba\u015fkanl\u0131\u011f\u0131m\u0131z ad\u0131na te\u015fekk\u00fcr ederim.&nbsp; Bu t\u00fcr Hay\u0131rl\u0131 etkinliklerimizi artt\u0131rarak s\u00fcrd\u00fcrece\u011fiz\u201d dedi.<\/span> <\/p>\n<p> <span style=\"font-size:14px;\">Kan verme i\u015flemi i\u00e7in K\u0131z\u0131lay yetkilileri ise insanlar\u0131m\u0131z\u0131n duyarl\u0131l\u0131\u011f\u0131ndan memnunuz. Olas\u0131 afetler i\u00e7in oldu\u011fu kadar yurt genelinde kan bekleyen binlerce insan\u0131m\u0131z var. Stok olu\u015fturmakta zorlan\u0131yoruz.&nbsp; Bizlere kap\u0131n\u0131z\u0131 a\u00e7\u0131p yer g\u00f6sterdi\u011finiz ve bu insanl\u0131k gere\u011fi g\u00fczel organizasyonu g\u00f6sterdi\u011finiz i\u00e7in sizlere te\u015fekk\u00fcr ediyoruz\u201d diye konu\u015ftular.<\/span> <\/p>\n<p>&nbsp;<\/p>\n<p>&nbsp;<\/p>\n","protected":false},"excerpt":{"rendered":"<p>CHP \u0130l Kad\u0131n Kollar\u0131 Ba\u015fkanl\u0131\u011f\u0131 taraf\u0131ndan parti binas\u0131nda kan ba\u011f\u0131\u015f kampanyas\u0131 d\u00fczenlendi. \u0130l binas\u0131nda d\u00fczenlenen kan ba\u011f\u0131\u015f\u0131 kampanyas\u0131na parti y\u00f6neticileri<\/p>\n","protected":false},"author":1,"featured_media":5045,"comment_status":"open","ping_status":"open","sticky":false,"template":"","format":"standard","meta":[],"categories":[1],"tags":[],"_links":{"self":[{"href":"http:\/\/www.mertcanpolat.com.tr\/dev\/wp-json\/wp\/v2\/posts\/5044"}],"collection":[{"href":"http:\/\/www.mertcanpolat.com.tr\/dev\/wp-json\/wp\/v2\/posts"}],"about":[{"href":"http:\/\/www.mertcanpolat.com.tr\/dev\/wp-json\/wp\/v2\/types\/post"}],"author":[{"embeddable":true,"href":"http:\/\/www.mertcanpolat.com.tr\/dev\/wp-json\/wp\/v2\/users\/1"}],"replies":[{"embeddable":true,"href":"http:\/\/www.mertcanpolat.com.tr\/dev\/wp-json\/wp\/v2\/comments?post=5044"}],"version-history":[{"count":0,"href":"http:\/\/www.mertcanpolat.com.tr\/dev\/wp-json\/wp\/v2\/posts\/5044\/revisions"}],"wp:featuredmedia":[{"embeddable":true,"href":"http:\/\/www.mertcanpolat.com.tr\/dev\/wp-json\/wp\/v2\/media\/5045"}],"wp:attachment":[{"href":"http:\/\/www.mertcanpolat.com.tr\/dev\/wp-json\/wp\/v2\/media?parent=5044"}],"wp:term":[{"taxonomy":"category","embeddable":true,"href":"http:\/\/www.mertcanpolat.com.tr\/dev\/wp-json\/wp\/v2\/categories?post=5044"},{"taxonomy":"post_tag","embeddable":true,"href":"http:\/\/www.mertcanpolat.com.tr\/dev\/wp-json\/wp\/v2\/tags?post=5044"}],"curies":[{"name":"wp","href":"https:\/\/api.w.org\/{rel}","templated":true}]}}