{"id":5040,"date":"2017-02-09T16:56:00","date_gmt":"2017-02-09T16:56:00","guid":{"rendered":"http:\/\/www.mertcanpolat.com.tr\/dev\/index.php\/2017\/02\/09\/halk-tvnin-konugu-oldu\/"},"modified":"2017-02-09T16:56:00","modified_gmt":"2017-02-09T16:56:00","slug":"halk-tvnin-konugu-oldu","status":"publish","type":"post","link":"http:\/\/www.mertcanpolat.com.tr\/dev\/halk-tvnin-konugu-oldu\/","title":{"rendered":"HALK TV&#39;N\u0130N KONU\u011eU OLDU"},"content":{"rendered":"<p><b>Yalova Belediye Ba\u015fkan\u0131 Vefa Salman, Do\u00e7. Dr. B\u00fclent Ery\u0131lmaz\u2019\u0131n haz\u0131rlay\u0131p sundu\u011fu ve her hafta Pazar g\u00fcn\u00fc Halk TV\u2019de yay\u0131nlanan \u201cYerel G\u00fcndem\u201d program\u0131na konuk oldu. 18 \u015eubat Pazar g\u00fcn\u00fc saat 18.00\u2019da yay\u0131nlanacak olan program\u0131n \u00e7ekimleri Y\u00fcr\u00fcyen K\u00f6\u015fk\u2019te ger\u00e7ekle\u015ftirildi. <\/b>   <\/p>\n<p> <span style=\"font-size:14px;\">Do\u00e7. Dr. B\u00fclent Ery\u0131lmaz\u2019\u0131n haz\u0131rlay\u0131p sundu\u011fu \u201cYerel G\u00fcndem\u201d program\u0131n\u0131n 18 \u015eubat Pazar g\u00fcn\u00fc yay\u0131nlanacak olan program\u0131n\u0131n konu\u011fu Yalova Belediye Ba\u015fkan\u0131 Vefa Salman oldu. Program \u00e7ekimleri Yalova\u2019n\u0131n en b\u00fcy\u00fck markas\u0131 Y\u00fcr\u00fcyen K\u00f6\u015fk\u2019te yap\u0131ld\u0131. Ba\u015fkan Salman program\u0131n \u00e7ekimlerinde ilk olarak Atat\u00fcrk\u2019\u00fcn Yalova\u2019ya olan sevgisini ve \u00e7evrecili\u011fin sembol\u00fc Y\u00fcr\u00fcyen K\u00f6\u015fk\u2019\u00fcn hikayesini anlatt\u0131. Programda Ba\u015fkan Salman, kentimizde y\u00fcr\u00fct\u00fclen \u00e7al\u0131\u015fmalar\u0131n yan\u0131 s\u0131ra genel siyaset \u00fczerine de a\u00e7\u0131klamalarda bulundu.<\/span> <\/p>\n","protected":false},"excerpt":{"rendered":"<p>Yalova Belediye Ba\u015fkan\u0131 Vefa Salman, Do\u00e7. Dr. B\u00fclent Ery\u0131lmaz\u2019\u0131n haz\u0131rlay\u0131p sundu\u011fu ve her hafta Pazar g\u00fcn\u00fc Halk TV\u2019de yay\u0131nlanan \u201cYerel<\/p>\n","protected":false},"author":1,"featured_media":5041,"comment_status":"open","ping_status":"open","sticky":false,"template":"","format":"standard","meta":[],"categories":[1],"tags":[],"_links":{"self":[{"href":"http:\/\/www.mertcanpolat.com.tr\/dev\/wp-json\/wp\/v2\/posts\/5040"}],"collection":[{"href":"http:\/\/www.mertcanpolat.com.tr\/dev\/wp-json\/wp\/v2\/posts"}],"about":[{"href":"http:\/\/www.mertcanpolat.com.tr\/dev\/wp-json\/wp\/v2\/types\/post"}],"author":[{"embeddable":true,"href":"http:\/\/www.mertcanpolat.com.tr\/dev\/wp-json\/wp\/v2\/users\/1"}],"replies":[{"embeddable":true,"href":"http:\/\/www.mertcanpolat.com.tr\/dev\/wp-json\/wp\/v2\/comments?post=5040"}],"version-history":[{"count":0,"href":"http:\/\/www.mertcanpolat.com.tr\/dev\/wp-json\/wp\/v2\/posts\/5040\/revisions"}],"wp:featuredmedia":[{"embeddable":true,"href":"http:\/\/www.mertcanpolat.com.tr\/dev\/wp-json\/wp\/v2\/media\/5041"}],"wp:attachment":[{"href":"http:\/\/www.mertcanpolat.com.tr\/dev\/wp-json\/wp\/v2\/media?parent=5040"}],"wp:term":[{"taxonomy":"category","embeddable":true,"href":"http:\/\/www.mertcanpolat.com.tr\/dev\/wp-json\/wp\/v2\/categories?post=5040"},{"taxonomy":"post_tag","embeddable":true,"href":"http:\/\/www.mertcanpolat.com.tr\/dev\/wp-json\/wp\/v2\/tags?post=5040"}],"curies":[{"name":"wp","href":"https:\/\/api.w.org\/{rel}","templated":true}]}}