{"id":5034,"date":"2017-02-12T22:36:00","date_gmt":"2017-02-12T22:36:00","guid":{"rendered":"http:\/\/www.mertcanpolat.com.tr\/dev\/index.php\/2017\/02\/12\/ak-partiden-esnaf-ziyareti\/"},"modified":"2017-02-12T22:36:00","modified_gmt":"2017-02-12T22:36:00","slug":"ak-partiden-esnaf-ziyareti","status":"publish","type":"post","link":"http:\/\/www.mertcanpolat.com.tr\/dev\/ak-partiden-esnaf-ziyareti\/","title":{"rendered":"AK PART\u0130&#39;DEN ESNAF Z\u0130YARET\u0130"},"content":{"rendered":"<p><b>AK Parti Yalova \u0130l Ba\u015fkan\u0131 Yusuf Ziya \u00d6ztabak, referandum \u00f6ncesi esnaf ziyaretlerini s\u00fcrd\u00fcrd\u00fc.<\/b>   <\/p>\n<p> <span style=\"font-size:14px;\">Yusuf Ziya \u00d6ztabak\u2019a Ak Parti Yalova Milletvekili Fikri Demirel ve parti y\u00f6neticileri de e\u015flik etti. Ziyaretlerde \u00d6ztabak, te\u015fkilat olarak referandum s\u00fcrecinde daha fazla esnafla bir arada olacaklar\u0131n\u0131 vurgulad\u0131. \u00d6ztabak, referandumda halk\u0131n \u00fclkemizin gelece\u011fini oylayaca\u011f\u0131n\u0131 belirtirken te\u015fkilat olarak anayasa de\u011fi\u015fikli\u011fini en iyi \u015fekilde anlatacaklar\u0131n\u0131 ifade etti.<\/span> <\/p>\n<p> <span style=\"font-size:14px;\">Yusuf Ziya \u00d6ztabak, \u015f\u00f6yle devam etti:<\/span> <\/p>\n<p> <span style=\"font-size:14px;\">\u201cAK Parti il te\u015fkilat\u0131 olarak b\u00fct\u00fcn birimlerimizle birlikte s\u00fcrekli Yalova\u2019m\u0131z i\u00e7in ne yapabiliriz onu tart\u0131\u015f\u0131yoruz. Bu ziyaretlerde en \u00f6nemli konu hem\u015ferilerimizle bir arada olabilmek, onlar\u0131n halini, hat\u0131r\u0131n\u0131 sorabilmektir. Bu t\u00fcr \u00e7al\u0131\u015fmalar\u0131m\u0131z bundan sonra da artarak devam edecek. AK Parti il ve il\u00e7e te\u015fkilatlar\u0131 olarak her f\u0131rsatta esnaf\u0131m\u0131z ile bir arada olma \u00e7abas\u0131 i\u00e7indeyiz\u201d<\/span> <\/p>\n","protected":false},"excerpt":{"rendered":"<p>AK Parti Yalova \u0130l Ba\u015fkan\u0131 Yusuf Ziya \u00d6ztabak, referandum \u00f6ncesi esnaf ziyaretlerini s\u00fcrd\u00fcrd\u00fc. Yusuf Ziya \u00d6ztabak\u2019a Ak Parti Yalova Milletvekili<\/p>\n","protected":false},"author":1,"featured_media":5035,"comment_status":"open","ping_status":"open","sticky":false,"template":"","format":"standard","meta":[],"categories":[1],"tags":[],"_links":{"self":[{"href":"http:\/\/www.mertcanpolat.com.tr\/dev\/wp-json\/wp\/v2\/posts\/5034"}],"collection":[{"href":"http:\/\/www.mertcanpolat.com.tr\/dev\/wp-json\/wp\/v2\/posts"}],"about":[{"href":"http:\/\/www.mertcanpolat.com.tr\/dev\/wp-json\/wp\/v2\/types\/post"}],"author":[{"embeddable":true,"href":"http:\/\/www.mertcanpolat.com.tr\/dev\/wp-json\/wp\/v2\/users\/1"}],"replies":[{"embeddable":true,"href":"http:\/\/www.mertcanpolat.com.tr\/dev\/wp-json\/wp\/v2\/comments?post=5034"}],"version-history":[{"count":0,"href":"http:\/\/www.mertcanpolat.com.tr\/dev\/wp-json\/wp\/v2\/posts\/5034\/revisions"}],"wp:featuredmedia":[{"embeddable":true,"href":"http:\/\/www.mertcanpolat.com.tr\/dev\/wp-json\/wp\/v2\/media\/5035"}],"wp:attachment":[{"href":"http:\/\/www.mertcanpolat.com.tr\/dev\/wp-json\/wp\/v2\/media?parent=5034"}],"wp:term":[{"taxonomy":"category","embeddable":true,"href":"http:\/\/www.mertcanpolat.com.tr\/dev\/wp-json\/wp\/v2\/categories?post=5034"},{"taxonomy":"post_tag","embeddable":true,"href":"http:\/\/www.mertcanpolat.com.tr\/dev\/wp-json\/wp\/v2\/tags?post=5034"}],"curies":[{"name":"wp","href":"https:\/\/api.w.org\/{rel}","templated":true}]}}