{"id":5028,"date":"2017-02-16T14:00:00","date_gmt":"2017-02-16T14:00:00","guid":{"rendered":"http:\/\/www.mertcanpolat.com.tr\/dev\/index.php\/2017\/02\/16\/feyzioglu-yalovada\/"},"modified":"2017-02-16T14:00:00","modified_gmt":"2017-02-16T14:00:00","slug":"feyzioglu-yalovada","status":"publish","type":"post","link":"http:\/\/www.mertcanpolat.com.tr\/dev\/feyzioglu-yalovada\/","title":{"rendered":"FEYZ\u0130O\u011eLU, YALOVA&#39;DA"},"content":{"rendered":"<p><b>16 Nisan\u2019da yap\u0131lacak anayasa referandumu i\u00e7in t\u00fcm T\u00fcrkiye\u2019yi il il, k\u00f6y k\u00f6y dola\u015fan T\u00fcrkiye Barolar Birli\u011fi Ba\u015fkan\u0131 Metin Feyzio\u011flu, Yalova\u2019ya geldi.<\/b>   <\/p>\n<p> <span style=\"font-size:14px;\">Yalova Barosu ve Atat\u00fcrk\u00e7\u00fc D\u00fc\u015f\u00fcnce Derne\u011fi Yalova \u015eubesi taraf\u0131ndan d\u00fczenlenen \u2018Anayasa De\u011fi\u015fikli\u011fi Paneli\u2019 i\u00e7in Yalova\u2019ya gelen T\u00fcrkiye&nbsp;Barolar Birli\u011fi Ba\u015fkan\u0131 Av. Prof. Dr. Metin&nbsp;Feyzio\u011flu, Yalova Belediye Ba\u015fkan\u0131 Vefa Salman\u2019\u0131 makam\u0131nda ziyaret etti.<\/span> <\/p>\n<p> <span style=\"font-size:14px;\">G\u00fcndeme ili\u015fkin konular\u0131n konu\u015fuldu\u011fu ziyaret bas\u0131na kapal\u0131 olarak ger\u00e7ekle\u015ftirildi. G\u00f6r\u00fc\u015fme sonras\u0131nda Ba\u015fkan Salman, T\u00fcrkiye&nbsp;Barolar Birli\u011fi Ba\u015fkan\u0131 Feyzio\u011flu\u2019na Y\u00fcr\u00fcyen K\u00f6\u015fk maketi hediye etti.<img alt=\"\" src=\"http:\/\/ajansyalova.com\/Images\/Thumbs\/Editor\/5891-16640623_10155198035544574_31007642387349920_n.jpeg\" style=\"border-width: 2px; border-style: solid; margin: 2px; float: right; width: 850px; height: 388px;\" \/> <\/span> <\/p>\n<p> <span style=\"font-size:14px;\">Feyzio\u011flu, ard\u0131ndan Yalova Balkan T\u00fcrkleri Derne\u011fi\u2019ni ziyaret ederek burada soyda\u015f vatanda\u015flarla bir araya geldi. Feyzio\u011flu\u2019na ADD Ba\u015fkan\u0131 Taner Ozan ve Dernek Ba\u015fkan\u0131 L\u00fctfi \u00d6zg\u00fcr de e\u015flik etti.<\/span> <\/p>\n<p> <span style=\"font-size:14px;\">Feyzio\u011flu, ak\u015fam 18.30\u2019da RDKM\u2019de d\u00fczenlenecek panelde vatanda\u015flara hitap edecek.<\/span> <\/p>\n<p>&nbsp;<\/p>\n<p>&nbsp;<\/p>\n<p>&nbsp;<\/p>\n","protected":false},"excerpt":{"rendered":"<p>16 Nisan\u2019da yap\u0131lacak anayasa referandumu i\u00e7in t\u00fcm T\u00fcrkiye\u2019yi il il, k\u00f6y k\u00f6y dola\u015fan T\u00fcrkiye Barolar Birli\u011fi Ba\u015fkan\u0131 Metin Feyzio\u011flu, Yalova\u2019ya<\/p>\n","protected":false},"author":1,"featured_media":5029,"comment_status":"open","ping_status":"open","sticky":false,"template":"","format":"standard","meta":[],"categories":[1],"tags":[],"_links":{"self":[{"href":"http:\/\/www.mertcanpolat.com.tr\/dev\/wp-json\/wp\/v2\/posts\/5028"}],"collection":[{"href":"http:\/\/www.mertcanpolat.com.tr\/dev\/wp-json\/wp\/v2\/posts"}],"about":[{"href":"http:\/\/www.mertcanpolat.com.tr\/dev\/wp-json\/wp\/v2\/types\/post"}],"author":[{"embeddable":true,"href":"http:\/\/www.mertcanpolat.com.tr\/dev\/wp-json\/wp\/v2\/users\/1"}],"replies":[{"embeddable":true,"href":"http:\/\/www.mertcanpolat.com.tr\/dev\/wp-json\/wp\/v2\/comments?post=5028"}],"version-history":[{"count":0,"href":"http:\/\/www.mertcanpolat.com.tr\/dev\/wp-json\/wp\/v2\/posts\/5028\/revisions"}],"wp:featuredmedia":[{"embeddable":true,"href":"http:\/\/www.mertcanpolat.com.tr\/dev\/wp-json\/wp\/v2\/media\/5029"}],"wp:attachment":[{"href":"http:\/\/www.mertcanpolat.com.tr\/dev\/wp-json\/wp\/v2\/media?parent=5028"}],"wp:term":[{"taxonomy":"category","embeddable":true,"href":"http:\/\/www.mertcanpolat.com.tr\/dev\/wp-json\/wp\/v2\/categories?post=5028"},{"taxonomy":"post_tag","embeddable":true,"href":"http:\/\/www.mertcanpolat.com.tr\/dev\/wp-json\/wp\/v2\/tags?post=5028"}],"curies":[{"name":"wp","href":"https:\/\/api.w.org\/{rel}","templated":true}]}}