{"id":5022,"date":"2017-02-16T14:28:00","date_gmt":"2017-02-16T14:28:00","guid":{"rendered":"http:\/\/www.mertcanpolat.com.tr\/dev\/index.php\/2017\/02\/16\/ciftlikkoylulere-is-arama-teknikleri-anlatildi\/"},"modified":"2017-02-16T14:28:00","modified_gmt":"2017-02-16T14:28:00","slug":"ciftlikkoylulere-is-arama-teknikleri-anlatildi","status":"publish","type":"post","link":"http:\/\/www.mertcanpolat.com.tr\/dev\/ciftlikkoylulere-is-arama-teknikleri-anlatildi\/","title":{"rendered":"\u00c7\u0130FTL\u0130KK\u00d6YL\u00dcLERE \u0130\u015e ARAMA TEKN\u0130KLER\u0130 ANLATILDI"},"content":{"rendered":"<p><b>\u0130\u015eKUR ve \u00c7iftlikk\u00f6y Belediyesi\u2019nin i\u015fbirli\u011fi ile \u00c7iftlikk\u00f6y Belediyesi K\u00fclt\u00fcr Merkezi\u2019nde ger\u00e7ekle\u015ftirilen \u2018\u0130\u015eKUR Hizmetlerinin Tan\u0131t\u0131m\u0131 ve \u0130\u015f Arama Teknikleri\u2019 seminerine vatanda\u015flar b\u00fcy\u00fck ilgi g\u00f6sterdi.<\/b>   <\/p>\n<p> <span style=\"font-size:14px;\">\u0130\u015eKUR \u0130\u015f ve Meslek Dan\u0131\u015fman\u0131 Canan Uzun Vural taraf\u0131ndan verilen seminerde istihdam te\u015fvikleri hakk\u0131nda detayl\u0131 bilgiler verildi. Vural, dezavantajl\u0131 ki\u015filere \u00f6zel uygulamalar, i\u015f arayanlara y\u00f6nelik faaliyetler, i\u015fsizlik \u00f6dene\u011fi, k\u0131sa zamanda \u00e7al\u0131\u015fma \u00f6dene\u011fi gibi konularda verdi\u011fi bilgilerle \u00c7iftlikk\u00f6yl\u00fclere yeni istihdam olanaklar\u0131yla ilgili imkanlar\u0131 dile getirdi.<\/span> <\/p>\n<p> <span style=\"font-size:14px;\">Dezavantajl\u0131 ki\u015filerin i\u015fg\u00fcc\u00fc piyasas\u0131na dahil edilmesi yoluyla toplumsal hayata kat\u0131l\u0131m\u0131n art\u0131r\u0131lmas\u0131n\u0131n ama\u00e7land\u0131\u011f\u0131n\u0131 belirten Vural, \u201c2014 y\u0131l\u0131ndan itibaren, engelli \u00e7al\u0131\u015ft\u0131r\u0131lmayan i\u015fverenlerden tahsil edilen idari para cezalar\u0131 kullan\u0131larak kendi i\u015fini kurmak isteyen engellilere proje kar\u015f\u0131l\u0131\u011f\u0131 36 bin TL hibe verilmektedir. Bug\u00fcn itibariyle 592 engelli vatanda\u015f\u0131m\u0131za yakla\u015f\u0131k 21 Milyon TL kaynak tahsis edilmi\u015ftir\u201d diye bilgi verdi. Seminerin ard\u0131ndan \u0130\u015eKUR yetkilileri taraf\u0131ndan da\u011f\u0131t\u0131lan formlarla farkl\u0131 alanlarda istihdam olana\u011f\u0131ndan yararlanmak isteyen kat\u0131l\u0131mc\u0131lar\u0131n kay\u0131tlar\u0131 al\u0131nd\u0131.<\/span> <\/p>\n<p>&nbsp;<\/p>\n<p>&nbsp;<\/p>\n","protected":false},"excerpt":{"rendered":"<p>\u0130\u015eKUR ve \u00c7iftlikk\u00f6y Belediyesi\u2019nin i\u015fbirli\u011fi ile \u00c7iftlikk\u00f6y Belediyesi K\u00fclt\u00fcr Merkezi\u2019nde ger\u00e7ekle\u015ftirilen \u2018\u0130\u015eKUR Hizmetlerinin Tan\u0131t\u0131m\u0131 ve \u0130\u015f Arama Teknikleri\u2019 seminerine vatanda\u015flar<\/p>\n","protected":false},"author":1,"featured_media":5023,"comment_status":"open","ping_status":"open","sticky":false,"template":"","format":"standard","meta":[],"categories":[1],"tags":[],"_links":{"self":[{"href":"http:\/\/www.mertcanpolat.com.tr\/dev\/wp-json\/wp\/v2\/posts\/5022"}],"collection":[{"href":"http:\/\/www.mertcanpolat.com.tr\/dev\/wp-json\/wp\/v2\/posts"}],"about":[{"href":"http:\/\/www.mertcanpolat.com.tr\/dev\/wp-json\/wp\/v2\/types\/post"}],"author":[{"embeddable":true,"href":"http:\/\/www.mertcanpolat.com.tr\/dev\/wp-json\/wp\/v2\/users\/1"}],"replies":[{"embeddable":true,"href":"http:\/\/www.mertcanpolat.com.tr\/dev\/wp-json\/wp\/v2\/comments?post=5022"}],"version-history":[{"count":0,"href":"http:\/\/www.mertcanpolat.com.tr\/dev\/wp-json\/wp\/v2\/posts\/5022\/revisions"}],"wp:featuredmedia":[{"embeddable":true,"href":"http:\/\/www.mertcanpolat.com.tr\/dev\/wp-json\/wp\/v2\/media\/5023"}],"wp:attachment":[{"href":"http:\/\/www.mertcanpolat.com.tr\/dev\/wp-json\/wp\/v2\/media?parent=5022"}],"wp:term":[{"taxonomy":"category","embeddable":true,"href":"http:\/\/www.mertcanpolat.com.tr\/dev\/wp-json\/wp\/v2\/categories?post=5022"},{"taxonomy":"post_tag","embeddable":true,"href":"http:\/\/www.mertcanpolat.com.tr\/dev\/wp-json\/wp\/v2\/tags?post=5022"}],"curies":[{"name":"wp","href":"https:\/\/api.w.org\/{rel}","templated":true}]}}