{"id":5012,"date":"2017-02-16T17:21:00","date_gmt":"2017-02-16T17:21:00","guid":{"rendered":"http:\/\/www.mertcanpolat.com.tr\/dev\/index.php\/2017\/02\/16\/silpagardan-iznik-ziyareti\/"},"modified":"2017-02-16T17:21:00","modified_gmt":"2017-02-16T17:21:00","slug":"silpagardan-iznik-ziyareti","status":"publish","type":"post","link":"http:\/\/www.mertcanpolat.com.tr\/dev\/silpagardan-iznik-ziyareti\/","title":{"rendered":"S\u0130LPAGAR&#39;DAN \u0130ZN\u0130K Z\u0130YARET\u0130"},"content":{"rendered":"<p><b>\u00c7iftlikk\u00f6y Belediye Ba\u015fkan\u0131 Ali Murat Silpagar, \u0130znik Belediye Ba\u015fkan\u0131 Osman Sarg\u0131n&#39;\u0131 makam\u0131nda ziyaret etti. Ba\u015fkanlar ziyarette iki karde\u015f il\u00e7enin \u00e7al\u0131\u015fmalar\u0131 hakk\u0131nda bilgi al\u0131\u015fveri\u015finde bulundu.<\/b>   <\/p>\n<p> <span style=\"font-size:14px;\">\u0130znik Belediye Ba\u015fkan\u0131 Sarg\u0131n, Ba\u015fkan Silpagar\u2019a d\u00f6rt medeniyete ba\u015fkentlik yapan \u0130znik\u2019in tarihi ve do\u011fal g\u00fczellikleriyle ilgili bilgiler verirken, \u0130znik Belediyesi olarak il\u00e7eye verilen hizmetleri de aktard\u0131.<\/span> <\/p>\n<p> <span style=\"font-size:14px;\">Ard\u0131ndan \u0130znik\u2019in tarihi ve k\u00fclt\u00fcrel mekanlar\u0131n\u0131 gezen ve \u0130znik \u00e7ar\u015f\u0131s\u0131nda Ba\u015fkan Sarg\u0131n\u2019la birlikte geleneksel \u0130znik \u00e7ini \u00fcr\u00fcnlerini inceleyen \u00c7iftlikk\u00f6y Belediye Ba\u015fkan\u0131 Ali Murat Silpagar,&nbsp; Ba\u015fkan Sarg\u0131n\u2019a misafirperverliklerinden dolay\u0131 te\u015fekk\u00fcr etti\u011fini belirterek, \u201cTarihi ve k\u00fclt\u00fcrel de\u011ferleriyle \u00fcnl\u00fc karde\u015f il\u00e7emiz \u0130znik&#8217;te bulunmaktan mutluluk duyuyoruz. \u0130znik il\u00e7esi tarihinin ve k\u00fclt\u00fcr\u00fcn\u00fcn yan\u0131 s\u0131ra g\u00f6l\u00fc ve \u0130znik \u00c7inisi ile d\u00fcnya \u00e7ap\u0131nda \u00e7ok ayr\u0131 bir de\u011fere sahip. Bu Tarihi ve K\u00fclt\u00fcrel de\u011ferleri ayakta tuttu\u011funuz i\u00e7in Say\u0131n Ba\u015fkan\u0131ma, ekibine ve \u0130znik halk\u0131na te\u015fekk\u00fcr ediyoruz. Sizlere de g\u00f6revlerinizde ba\u015far\u0131lar dilerim&#8221; diye konu\u015ftu.<\/span> <\/p>\n<p> <span style=\"font-size:14px;\">\u0130znik Belediye Ba\u015fkan\u0131 Osman Sarg\u0131n da 2014 y\u0131l\u0131ndan bu g\u00fcne kadar yap\u0131lan altyap\u0131 ve \u00fcstyap\u0131 \u00e7al\u0131\u015fmalar\u0131 ile vizyon projeleri \u0130znik&#8217;e ta\u015f\u0131ma konusunda h\u00fck\u00fcmet, Bursa B\u00fcy\u00fck\u015fehir Belediyesi ve \u0130znik \u00fc\u00e7geninde sa\u011flad\u0131\u011f\u0131 koordinasyon hakk\u0131nda bilgi al\u0131\u015fveri\u015finde bulundu.<\/span> <\/p>\n","protected":false},"excerpt":{"rendered":"<p>\u00c7iftlikk\u00f6y Belediye Ba\u015fkan\u0131 Ali Murat Silpagar, \u0130znik Belediye Ba\u015fkan\u0131 Osman Sarg\u0131n&#39;\u0131 makam\u0131nda ziyaret etti. Ba\u015fkanlar ziyarette iki karde\u015f il\u00e7enin \u00e7al\u0131\u015fmalar\u0131<\/p>\n","protected":false},"author":1,"featured_media":5013,"comment_status":"open","ping_status":"open","sticky":false,"template":"","format":"standard","meta":[],"categories":[1],"tags":[],"_links":{"self":[{"href":"http:\/\/www.mertcanpolat.com.tr\/dev\/wp-json\/wp\/v2\/posts\/5012"}],"collection":[{"href":"http:\/\/www.mertcanpolat.com.tr\/dev\/wp-json\/wp\/v2\/posts"}],"about":[{"href":"http:\/\/www.mertcanpolat.com.tr\/dev\/wp-json\/wp\/v2\/types\/post"}],"author":[{"embeddable":true,"href":"http:\/\/www.mertcanpolat.com.tr\/dev\/wp-json\/wp\/v2\/users\/1"}],"replies":[{"embeddable":true,"href":"http:\/\/www.mertcanpolat.com.tr\/dev\/wp-json\/wp\/v2\/comments?post=5012"}],"version-history":[{"count":0,"href":"http:\/\/www.mertcanpolat.com.tr\/dev\/wp-json\/wp\/v2\/posts\/5012\/revisions"}],"wp:featuredmedia":[{"embeddable":true,"href":"http:\/\/www.mertcanpolat.com.tr\/dev\/wp-json\/wp\/v2\/media\/5013"}],"wp:attachment":[{"href":"http:\/\/www.mertcanpolat.com.tr\/dev\/wp-json\/wp\/v2\/media?parent=5012"}],"wp:term":[{"taxonomy":"category","embeddable":true,"href":"http:\/\/www.mertcanpolat.com.tr\/dev\/wp-json\/wp\/v2\/categories?post=5012"},{"taxonomy":"post_tag","embeddable":true,"href":"http:\/\/www.mertcanpolat.com.tr\/dev\/wp-json\/wp\/v2\/tags?post=5012"}],"curies":[{"name":"wp","href":"https:\/\/api.w.org\/{rel}","templated":true}]}}