{"id":5008,"date":"2017-02-16T23:25:00","date_gmt":"2017-02-16T23:25:00","guid":{"rendered":"http:\/\/www.mertcanpolat.com.tr\/dev\/index.php\/2017\/02\/16\/chpli-genclerden-panel\/"},"modified":"2017-02-16T23:25:00","modified_gmt":"2017-02-16T23:25:00","slug":"chpli-genclerden-panel","status":"publish","type":"post","link":"http:\/\/www.mertcanpolat.com.tr\/dev\/chpli-genclerden-panel\/","title":{"rendered":"CHP\u2019L\u0130 GEN\u00c7LERDEN PANEL"},"content":{"rendered":"<p><b>CHP Yalova Gen\u00e7lik Kollar\u0131, 16 Nisan\u2019da yap\u0131lacak referandum \u00f6ncesi \u00e7al\u0131\u015fmalar\u0131 \u2018Anayasa De\u011fi\u015fikli\u011fi ve Referandum\u2019 konulu panelle s\u00fcrd\u00fcrd\u00fc.<\/b>   <\/p>\n<p> <span style=\"font-size:14px;\">\u0130l binas\u0131nda yap\u0131lan panele eski CHP Gen\u00e7lik Kollar\u0131 Genel Ba\u015fkan\u0131 ve K\u00fclt\u00fcr \u00dcniversitesi \u00d6\u011fretim \u00dcyesi Do\u00e7. Dr. Yunus Emre, eski Gen\u00e7lik Kollar\u0131 Genel B\u015fk. Yrd. Devrim Ercan, Gen\u00e7lik Kollar\u0131 Genel B\u015fk Yrd. ve Marmara B\u00f6lge Sorumlusu Utku Caner \u00c7aykara konu\u015fmac\u0131 olarak kat\u0131ld\u0131.<\/span> <\/p>\n<p> <span style=\"font-size:14px;\">Yalova Gen\u00e7lik Kollar\u0131 Ba\u015fkan\u0131 Erdem Do\u011fanc\u0131\u2019n\u0131n a\u00e7\u0131l\u0131\u015f konu\u015fmas\u0131yla ba\u015flayan panelde konu\u015fmac\u0131lar &nbsp;anayasada de\u011fi\u015ftirilmek istenen maddeler, getirilmek istenen sistemin \u00fclkemizde ya\u015fataca\u011f\u0131 olumsuzluklar ve referandum s\u00fcreci hakk\u0131nda bilgiler verdi.<img alt=\"\" src=\"http:\/\/ajansyalova.com\/Images\/Thumbs\/Editor\/5906-4.jpeg\" style=\"width: 750px; height: 500px; border-width: 2px; border-style: solid; margin: 2px; float: right;\" \/> <\/span> <\/p>\n<p> <span style=\"font-size:14px;\">Ba\u015fkanl\u0131k sistemi ile y\u00f6netilen \u00fclkelerden \u00f6rnekler veren Do\u00e7 Dr. Yunus Emre, Amerika&#8217;daki ba\u015fkanl\u0131k sisteminde yasama, y\u00fcr\u00fctme ve yarg\u0131da g\u00f6zetilen denge unsurlar\u0131n\u0131n, bizde halk oylamas\u0131na sunulacak olan sistemde bulunmad\u0131\u011f\u0131n\u0131n alt\u0131n\u0131 \u00e7izdi.<\/span> <\/p>\n<p> <span style=\"font-size:14px;\">Panel sonunda partiye kat\u0131lan gen\u00e7 \u00fcyelere rozetleri tak\u0131ld\u0131.<\/span> <\/p>\n<p>&nbsp;<\/p>\n","protected":false},"excerpt":{"rendered":"<p>CHP Yalova Gen\u00e7lik Kollar\u0131, 16 Nisan\u2019da yap\u0131lacak referandum \u00f6ncesi \u00e7al\u0131\u015fmalar\u0131 \u2018Anayasa De\u011fi\u015fikli\u011fi ve Referandum\u2019 konulu panelle s\u00fcrd\u00fcrd\u00fc. \u0130l binas\u0131nda yap\u0131lan<\/p>\n","protected":false},"author":1,"featured_media":5009,"comment_status":"open","ping_status":"open","sticky":false,"template":"","format":"standard","meta":[],"categories":[1],"tags":[],"_links":{"self":[{"href":"http:\/\/www.mertcanpolat.com.tr\/dev\/wp-json\/wp\/v2\/posts\/5008"}],"collection":[{"href":"http:\/\/www.mertcanpolat.com.tr\/dev\/wp-json\/wp\/v2\/posts"}],"about":[{"href":"http:\/\/www.mertcanpolat.com.tr\/dev\/wp-json\/wp\/v2\/types\/post"}],"author":[{"embeddable":true,"href":"http:\/\/www.mertcanpolat.com.tr\/dev\/wp-json\/wp\/v2\/users\/1"}],"replies":[{"embeddable":true,"href":"http:\/\/www.mertcanpolat.com.tr\/dev\/wp-json\/wp\/v2\/comments?post=5008"}],"version-history":[{"count":0,"href":"http:\/\/www.mertcanpolat.com.tr\/dev\/wp-json\/wp\/v2\/posts\/5008\/revisions"}],"wp:featuredmedia":[{"embeddable":true,"href":"http:\/\/www.mertcanpolat.com.tr\/dev\/wp-json\/wp\/v2\/media\/5009"}],"wp:attachment":[{"href":"http:\/\/www.mertcanpolat.com.tr\/dev\/wp-json\/wp\/v2\/media?parent=5008"}],"wp:term":[{"taxonomy":"category","embeddable":true,"href":"http:\/\/www.mertcanpolat.com.tr\/dev\/wp-json\/wp\/v2\/categories?post=5008"},{"taxonomy":"post_tag","embeddable":true,"href":"http:\/\/www.mertcanpolat.com.tr\/dev\/wp-json\/wp\/v2\/tags?post=5008"}],"curies":[{"name":"wp","href":"https:\/\/api.w.org\/{rel}","templated":true}]}}