{"id":4994,"date":"2017-02-20T02:17:00","date_gmt":"2017-02-20T02:17:00","guid":{"rendered":"http:\/\/www.mertcanpolat.com.tr\/dev\/index.php\/2017\/02\/20\/egitim-bir-sen-evet-dedi\/"},"modified":"2017-02-20T02:17:00","modified_gmt":"2017-02-20T02:17:00","slug":"egitim-bir-sen-evet-dedi","status":"publish","type":"post","link":"http:\/\/www.mertcanpolat.com.tr\/dev\/egitim-bir-sen-evet-dedi\/","title":{"rendered":"E\u011e\u0130T\u0130M B\u0130R SEN &#39;EVET&#39; DED\u0130"},"content":{"rendered":"<p><b>E\u011fitim Bir Sen\u2019in Yalova Divan Kurulu Toplant\u0131s\u0131\u2019nda konu\u015fan \u015eube Ba\u015fkan\u0131 ve Memur Sen \u0130l Temsilcisi U\u011fur Hakan Tan, 16 Nisan\u2019da ger\u00e7ekle\u015fecek anayasa de\u011fi\u015fikli\u011fi referandumunda \u2018evet\u2019 diyeceklerini s\u00f6yledi.<\/b>   <\/p>\n<p> <span style=\"font-size:14px;\">Y\u00f6netim kurulu \u00fcyeleri, il\u00e7e temsilcileri, \u00fcniversite y\u00f6netimi, kad\u0131nlar komisyonu ve okul temsilcilerinin kat\u0131ld\u0131\u011f\u0131 divan kurulunda sendikan\u0131n kurulu\u015funun 25. Y\u0131l\u0131 nedeniyle haz\u0131rlanan k\u0131sa film g\u00f6sterildi. Divanda konu\u015fan E\u011fitim Bir Sen \u015eube Ba\u015fkan\u0131 ve Memur Sen \u0130l Temsilcisi U\u011fur Hakan Tan, anayasa referandumunun T\u00fcrkiye i\u00e7in \u00f6nemini vurgulayarak \u201cHak ve \u00f6zg\u00fcrl\u00fck i\u00e7in m\u00fccadele veren, bu u\u011furda bir\u00e7ok bedel \u00f6deyen bir sendika olarak, kazan\u0131mlar\u0131m\u0131z\u0131n heba olmamas\u0131, daha sivil, \u00f6zg\u00fcr ve demokratik bir T\u00fcrkiye\u2019nin in\u015fas\u0131 i\u00e7in d\u00fcn oldu\u011fu gibi, bug\u00fcn de, yar\u0131n da elimizi ta\u015f\u0131n alt\u0131na koymaya devam edece\u011fiz. \u00dclkemizin geli\u015fmesi, milletimizin refaha kavu\u015fmas\u0131, kamu g\u00f6revlilerinin emeklerinin kar\u015f\u0131l\u0131\u011f\u0131n\u0131 almas\u0131 i\u00e7in m\u00fccadelemizi s\u00fcrd\u00fcrmeye kararl\u0131y\u0131z. \u0130stikrara, \u00f6zg\u00fcrl\u00fcklere, adil payla\u015f\u0131ma, ayd\u0131nl\u0131k bir gelece\u011fe \u2018evet\u2019 diyor ve bunun i\u00e7in \u00e7al\u0131\u015f\u0131yoruz\u201d dedi.<\/span> <\/p>\n<p> <span style=\"font-size:14px;\">400 bini a\u015fk\u0131n \u00fcyesi olan genel yetkili sendika olarak, e\u011fitimle ilgili s\u00f6yleyecek \u00e7ok s\u00f6zleri, sorunlar\u0131n \u00e7\u00f6z\u00fcm\u00fcne ili\u015fkin \u00f6nerileri bulundu\u011funu dile getiren Tan, \u00f6\u011fretmenlik mesle\u011fi ve mesle\u011fin stat\u00fcs\u00fc ara\u015ft\u0131rmas\u0131, E\u011fitime Bak\u0131\u015f 2016: \u0130zleme ve De\u011ferlendirme raporu ba\u015fta olmak \u00fczere, nitelikli \u00e7al\u0131\u015fmalar ger\u00e7ekle\u015ftirdiklerini kaydetti.<\/span> <\/p>\n<p> <span style=\"font-size:14px;\">Daha sonra k\u00fcrs\u00fcye gelen \u015eube Ba\u015fkan Vekili Celal Kahveci, \u00f6n\u00fcmdeki s\u00fcre\u00e7te h\u00fck\u00fcmetle ger\u00e7ekle\u015ftirilecek olan toplu s\u00f6zle\u015fmelere y\u00f6nelik sendikan\u0131n faaliyetlerini anlatt\u0131.<\/span> <\/p>\n","protected":false},"excerpt":{"rendered":"<p>E\u011fitim Bir Sen\u2019in Yalova Divan Kurulu Toplant\u0131s\u0131\u2019nda konu\u015fan \u015eube Ba\u015fkan\u0131 ve Memur Sen \u0130l Temsilcisi U\u011fur Hakan Tan, 16 Nisan\u2019da<\/p>\n","protected":false},"author":1,"featured_media":4995,"comment_status":"open","ping_status":"open","sticky":false,"template":"","format":"standard","meta":[],"categories":[1],"tags":[],"_links":{"self":[{"href":"http:\/\/www.mertcanpolat.com.tr\/dev\/wp-json\/wp\/v2\/posts\/4994"}],"collection":[{"href":"http:\/\/www.mertcanpolat.com.tr\/dev\/wp-json\/wp\/v2\/posts"}],"about":[{"href":"http:\/\/www.mertcanpolat.com.tr\/dev\/wp-json\/wp\/v2\/types\/post"}],"author":[{"embeddable":true,"href":"http:\/\/www.mertcanpolat.com.tr\/dev\/wp-json\/wp\/v2\/users\/1"}],"replies":[{"embeddable":true,"href":"http:\/\/www.mertcanpolat.com.tr\/dev\/wp-json\/wp\/v2\/comments?post=4994"}],"version-history":[{"count":0,"href":"http:\/\/www.mertcanpolat.com.tr\/dev\/wp-json\/wp\/v2\/posts\/4994\/revisions"}],"wp:featuredmedia":[{"embeddable":true,"href":"http:\/\/www.mertcanpolat.com.tr\/dev\/wp-json\/wp\/v2\/media\/4995"}],"wp:attachment":[{"href":"http:\/\/www.mertcanpolat.com.tr\/dev\/wp-json\/wp\/v2\/media?parent=4994"}],"wp:term":[{"taxonomy":"category","embeddable":true,"href":"http:\/\/www.mertcanpolat.com.tr\/dev\/wp-json\/wp\/v2\/categories?post=4994"},{"taxonomy":"post_tag","embeddable":true,"href":"http:\/\/www.mertcanpolat.com.tr\/dev\/wp-json\/wp\/v2\/tags?post=4994"}],"curies":[{"name":"wp","href":"https:\/\/api.w.org\/{rel}","templated":true}]}}