{"id":4990,"date":"2017-02-20T16:19:00","date_gmt":"2017-02-20T16:19:00","guid":{"rendered":"http:\/\/www.mertcanpolat.com.tr\/dev\/index.php\/2017\/02\/20\/belediyeden-35-milyonluk-proje\/"},"modified":"2017-02-20T16:19:00","modified_gmt":"2017-02-20T16:19:00","slug":"belediyeden-35-milyonluk-proje","status":"publish","type":"post","link":"http:\/\/www.mertcanpolat.com.tr\/dev\/belediyeden-35-milyonluk-proje\/","title":{"rendered":"BELED\u0130YEDEN 35 M\u0130LYONLUK PROJE"},"content":{"rendered":"<p><b>Yalova Belediyesi Fen \u0130\u015fleri ile Su ve Kanalizasyon \u0130\u015fleri M\u00fcd\u00fcrl\u00fc\u011f\u00fc\u2019nde de\u011fi\u015fime gitti. Belediye Ba\u015fkan Yard\u0131mc\u0131s\u0131 Halit G\u00fcle\u00e7\u2019in y\u00fcr\u00fctt\u00fc\u011f\u00fc \u00e7al\u0131\u015fmalar\u0131 Belediye Ba\u015fkan\u0131 Vefa Salman yerinde inceledi. Ba\u015fkan Yard\u0131mc\u0131s\u0131 G\u00fcle\u00e7, haz\u0131rlad\u0131\u011f\u0131 sunumda 2017 y\u0131l\u0131nda 35 milyonluk projeyi hayata ge\u00e7ireceklerini s\u00f6yledi.<\/b>   <\/p>\n<p> <span style=\"font-size:14px;\">Yalova Belediye Ba\u015fkan\u0131 Vefa Salman, Fen \u0130\u015fleri M\u00fcd\u00fcrl\u00fc\u011f\u00fc ile Su ve Kanalizasyon \u0130\u015fleri M\u00fcd\u00fcrl\u00fc\u011f\u00fc\u2019n\u00fc ziyaret etti. Ocak ay\u0131 itibariyle g\u00fcnl\u00fck mesaisinin bir b\u00f6l\u00fcm\u00fcn\u00fc Fen \u0130\u015fleri M\u00fcd\u00fcrl\u00fc\u011f\u00fc\u2019n\u00fcn bulundu\u011fu binada s\u00fcrd\u00fcrmeye ba\u015flayan Teknik \u0130\u015flerden Sorumlu Belediye Ba\u015fkan Yard\u0131mc\u0131s\u0131 Halit G\u00fcle\u00e7 ve personel ile bir araya gelen Ba\u015fkan Salman, 2 ayl\u0131k s\u00fcre\u00e7le ilgili detayl\u0131 bilgi ald\u0131.<\/span> <\/p>\n<p> <span style=\"font-size:14px;\">Fiziki mekan de\u011fi\u015fikliklerinin yan\u0131 s\u0131ra i\u015fleyi\u015fte yap\u0131lan de\u011fi\u015fiklikler sonras\u0131 durum de\u011ferlendirmesi yapmak amac\u0131yla Yalova Belediye Ba\u015fkan\u0131 Vefa Salman, Fen \u0130\u015fleri ve Su Kanalizasyon M\u00fcd\u00fcrl\u00fc\u011f\u00fc\u2019nde incelemelerde bulundu. Teknik personel ve Ba\u015fkan Yard\u0131mc\u0131s\u0131 Halit G\u00fcle\u00e7 ile detayl\u0131 bir toplant\u0131 ger\u00e7ekle\u015ftiren Ba\u015fkan Salman, \u00f6n\u00fcm\u00fczdeki s\u00fcre\u00e7le ilgili g\u00f6r\u00fc\u015flerini personelle payla\u015ft\u0131.<\/span> <\/p>\n<p> <strong> <span style=\"font-size:14px;\">\u201cMahalle Mahalle Sorunlar\u0131 Biliyoruz\u201d<img loading=\"lazy\" alt=\"\" height=\"360\" src=\"http:\/\/ajansyalova.com\/Images\/Thumbs\/Editor\/5916-yalovabelediyesindefenislerindeyenidonem.jpeg\" style=\"border-width: 2px; border-style: solid; margin: 2px; float: right;\" width=\"949\" \/> <\/span> <\/strong> <\/p>\n<p> <span style=\"font-size:14px;\">Fen \u0130\u015fleri ve Su Kanalizasyon M\u00fcd\u00fcrl\u00fcklerinin vatanda\u015flar\u0131n en fazla hizmet ald\u0131\u011f\u0131 birimler oldu\u011funu belirten Ba\u015fkan Salman; \u201cBu iki m\u00fcd\u00fcrl\u00fc\u011f\u00fcnde dinamik olarak \u00e7al\u0131\u015fmas\u0131 gerekiyor. Bu do\u011frultuda y\u0131lba\u015f\u0131 itibariyle yeni d\u00fczenlemelere gittik. Belediye Ba\u015fkan Yard\u0131mc\u0131m\u0131z Halit Bey mesaisinin b\u00fcy\u00fck \u00e7o\u011funlu\u011funu burada ge\u00e7irmeye ba\u015flad\u0131. \u0130ki ay olmadan buradaki de\u011fi\u015fikli\u011fin fark\u0131n\u0131 hissetmeye ba\u015flad\u0131k. Daha da iyi olaca\u011f\u0131na inanc\u0131m tam. G\u00fczel bir ekibimiz var. Vatanda\u015flar\u0131m\u0131za en iyi hizmeti \u00fcretece\u011fiz. Saha \u00e7al\u0131\u015fmalar\u0131n\u0131 daha h\u0131zl\u0131 bir \u015fekilde y\u00fcr\u00fcterek talepleri en alt seviyede tutmak en b\u00fcy\u00fck arzumuz. Mahalle ve sokak tespitler yap\u0131ld\u0131. \u0130htiya\u00e7lar\u0131 biliyoruz ve ivedilikle bu sorunlar\u0131n ortadan kald\u0131r\u0131lmas\u0131 i\u00e7in \u00e7al\u0131\u015f\u0131yoruz\u201d dedi. &nbsp;<\/span> <\/p>\n<p> <strong> <span style=\"font-size:14px;\">\u201c5 Mahalleye A\u011f\u0131rl\u0131k Verilecek\u201d<\/span> <\/strong> <\/p>\n<p> <span style=\"font-size:14px;\">Ba\u015fkan Salman\u2019\u0131n de\u011ferlendirmesi sonras\u0131nda geni\u015f \u00e7apl\u0131 bir sunum ger\u00e7ekle\u015ftiren Teknik \u0130\u015flerden Sorumlu Ba\u015fkan Yard\u0131mc\u0131s\u0131 Halit G\u00fcle\u00e7, ilk olarak Fen \u0130\u015fleri M\u00fcd\u00fcrl\u00fc\u011f\u00fc \u00e7al\u0131\u015fmalar\u0131na de\u011finip halk\u0131m\u0131z\u0131n bekledi\u011fi ve hak etti\u011fi hizmeti \u00fcrettiklerini belirterek \u015funlar\u0131 dile getirdi; \u201c\u00d6ncelikle fiziki mekanda ve i\u015fleyi\u015fte de\u011fi\u015fiklikler yaparak dinamikleri harekete ge\u00e7irdik. Ara\u00e7 filomuzu 60 ara\u00e7tan 106 araca \u00e7\u0131kartarak hizmet a\u011f\u0131m\u0131z\u0131, hizmet kalitemizi ve h\u0131z\u0131m\u0131z\u0131 artt\u0131rd\u0131k.&nbsp; 2017 y\u0131l\u0131 i\u00e7erisinde b\u00fct\u00e7emizi ne \u015fekilde kullanaca\u011f\u0131m\u0131z\u0131 dilimlere ay\u0131rd\u0131k. Asfalt, parke, tretuvar yap\u0131lacak yerleri mahalle baz\u0131nda tespit ettik. Merkezden ziyade daha \u00e7ok \u0130smetpa\u015fa, Gaziosmanpa\u015fa, Mustafakemalpa\u015fa, Adnan Menderes ve Kaz\u0131m Karabekir Mahallelerimize a\u011f\u0131rl\u0131k vererek eksikleri giderece\u011fiz. Bu mahallerimizde toplamda 103 sokakta parke, ayr\u0131ca 9 ana arterde asfaltlama \u00e7al\u0131\u015fmas\u0131 yapaca\u011f\u0131z.\u201d<\/span> <\/p>\n<p> <strong> <span style=\"font-size:14px;\">\u201c6 Kurum G\u00fcnl\u00fck 30 Kaz\u0131 Yap\u0131yor\u201d<\/span> <\/strong> <\/p>\n<p> <span style=\"font-size:14px;\">Belediyemiz haricinde UEDA\u015e, TELEKOM, TURKSAT, SUPERONL\u0130NE, ARMAGAZ kent genelinde kaz\u0131lar yap\u0131yor diyen Ba\u015fkan Yard\u0131mc\u0131s\u0131 G\u00fcle\u00e7; \u201cBu 6 kurumun g\u00fcnl\u00fck kaz\u0131 say\u0131s\u0131 30. Vatanda\u015flar\u0131m\u0131z bu kaz\u0131lar\u0131n sorumlusu olarak belediyeyi g\u00f6r\u00fcyor, belediyeyi biliyor. Bu nedenle bu konuda da yap\u0131m ve denetim mekanizmas\u0131n\u0131 daha da g\u00fc\u00e7lendirdik. Hedefimiz kaz\u0131 sonras\u0131nda 3 g\u00fcn i\u00e7erisinde gerekli tamirat\u0131n yap\u0131l\u0131p tamamlanm\u0131\u015f olmas\u0131\u201d dedi.<\/span> <\/p>\n<p> <strong> <span style=\"font-size:14px;\">\u201c3 adet Taziye Evi Yap\u0131lacak\u201d<\/span> <\/strong> <\/p>\n<p> <span style=\"font-size:14px;\">Fen \u0130\u015fleri M\u00fcd\u00fcrl\u00fc\u011f\u00fc olarak sadece yol, kald\u0131r\u0131m yapmad\u0131klar\u0131n\u0131 belirten G\u00fcle\u00e7, s\u00f6zlerini \u015f\u00f6yle s\u00fcrd\u00fcrd\u00fc; \u201cM\u00fcd\u00fcrl\u00fc\u011f\u00fcm\u00fcz b\u00fcnyesinde bir\u00e7ok \u00e7al\u0131\u015fmay\u0131 s\u00fcrd\u00fcr\u00fcyoruz. Dere Islah \u00e7al\u0131\u015fmalar\u0131ndan sosyal tesis yap\u0131mlar\u0131na, kapal\u0131 pazaryerinden yeni hizmet binalar\u0131n\u0131n yap\u0131m\u0131na kadar bir\u00e7ok i\u015f Fen \u0130\u015fleri M\u00fcd\u00fcrl\u00fc\u011f\u00fc b\u00fcnyesinde s\u00fcrd\u00fcr\u00fcl\u00fcyor. 2017 y\u0131l\u0131 i\u00e7erisinde Seyrantepe Mahallesi, Ba\u011flarba\u015f\u0131 (Roman) Mahallesi ve \u00fc\u00e7 mahalleye hitap edecek Girne Caddesinde taziye evleri yapaca\u011f\u0131z. Adnan Menderes Mahallesi\u2019nde \u0130tfaiye M\u00fcfrezesi, \u0130kinci Kapal\u0131 Pazaryeri, Amat\u00f6revi, Safran Deresi \u00fczerinde Yaya K\u00f6pr\u00fcleri, Merkez Camisi\u2019nin avlusunun yeniden d\u00fczenlenmesi ve ayr\u0131ca yeni Hal Binas\u0131 gibi i\u015fleri 2017 i\u00e7erisinde tamamlam\u0131\u015f halk\u0131m\u0131z\u0131n hizmetine a\u00e7m\u0131\u015f olaca\u011f\u0131z.\u201d<\/span> <\/p>\n<p> <strong> <span style=\"font-size:14px;\">\u201cProjelere 35 (Trilyon) Milyon\u201d<\/span> <\/strong> <\/p>\n<p> <span style=\"font-size:14px;\">\u201c2017 y\u0131l\u0131 i\u00e7erisinde planlanan t\u00fcm \u00e7al\u0131\u015fmalar\u0131 tamamlayaca\u011f\u0131z\u201d diyen Ba\u015fkan Yard\u0131mc\u0131s\u0131 Halit G\u00fcle\u00e7; \u201c2018 y\u0131l\u0131na yeni ve farkl\u0131 projeler ile halk\u0131m\u0131z\u0131 bulu\u015fturaca\u011f\u0131z. Hedeflerimize bir bir ula\u015farak halk\u0131m\u0131z\u0131n takdirini toplayaca\u011f\u0131z. Fen \u0130\u015fleri M\u00fcd\u00fcrl\u00fc\u011f\u00fcm\u00fcz b\u00fcnyesinde 23 farkl\u0131 projenin ihalesi yap\u0131lm\u0131\u015f olup, 21 de\u011fi\u015fik y\u00fcklenici firma taraf\u0131ndan yap\u0131m\u0131 tamamlanacak olan projelere toplam 35 milyon harcanacak. 2017 y\u0131l\u0131 sonunda t\u00fcm bu projeleri hayata ge\u00e7irmeyi hedefliyoruz\u201d dedi.<\/span> <\/p>\n<p> <strong> <span style=\"font-size:14px;\"> <img alt=\"\" src=\"http:\/\/ajansyalova.com\/Images\/Thumbs\/Editor\/5917-yalovabelediyesindefenislerindeyenidonem2.jpeg\" style=\"border-width: 2px; border-style: solid; margin: 2px; float: left; width: 450px; height: 300px;\" \/>\u201c\u015eikayetler Yar\u0131 Yar\u0131ya D\u00fc\u015ft\u00fc\u201d<\/span> <\/strong> <\/p>\n<p> <span style=\"font-size:14px;\">Sunum sonunda Ba\u015fkan Yard\u0131mc\u0131s\u0131 G\u00fcle\u00e7\u2019e ve \u00e7al\u0131\u015fan t\u00fcm personele te\u015fekk\u00fcr eden Belediye Ba\u015fkan\u0131 Vefa Salman; \u201cKent genelinde yapm\u0131\u015f oldu\u011fumuz \u00e7al\u0131\u015fmalar neticesinde belediyemize gelen g\u00fcnl\u00fck \u015fikayet ve taleplerin say\u0131s\u0131nda yar\u0131 yar\u0131ya d\u00fc\u015f\u00fc\u015f var. K\u0131sacas\u0131 altyap\u0131ya ve \u00fcstyap\u0131ya yapt\u0131\u011f\u0131m\u0131z her yat\u0131r\u0131m kar\u015f\u0131l\u0131\u011f\u0131n\u0131 buluyor ve sonu\u00e7 veriyor. \u0130htiya\u00e7 duyulan noktalar\u0131n analizlerini en iyi \u015fekilde yapm\u0131\u015fs\u0131n\u0131z. Vatanda\u015flar\u0131m\u0131za vermi\u015f oldu\u011fumuz s\u00f6zler var. K\u0131sa vadede hem bu s\u00f6zleri yerine getirecek hem de kentimize yak\u0131\u015fan hizmeti ortaya koyaca\u011f\u0131z\u201d diye konu\u015ftu.<\/span> <\/p>\n","protected":false},"excerpt":{"rendered":"<p>Yalova Belediyesi Fen \u0130\u015fleri ile Su ve Kanalizasyon \u0130\u015fleri M\u00fcd\u00fcrl\u00fc\u011f\u00fc\u2019nde de\u011fi\u015fime gitti. Belediye Ba\u015fkan Yard\u0131mc\u0131s\u0131 Halit G\u00fcle\u00e7\u2019in y\u00fcr\u00fctt\u00fc\u011f\u00fc \u00e7al\u0131\u015fmalar\u0131 Belediye<\/p>\n","protected":false},"author":1,"featured_media":4991,"comment_status":"open","ping_status":"open","sticky":false,"template":"","format":"standard","meta":[],"categories":[1],"tags":[],"_links":{"self":[{"href":"http:\/\/www.mertcanpolat.com.tr\/dev\/wp-json\/wp\/v2\/posts\/4990"}],"collection":[{"href":"http:\/\/www.mertcanpolat.com.tr\/dev\/wp-json\/wp\/v2\/posts"}],"about":[{"href":"http:\/\/www.mertcanpolat.com.tr\/dev\/wp-json\/wp\/v2\/types\/post"}],"author":[{"embeddable":true,"href":"http:\/\/www.mertcanpolat.com.tr\/dev\/wp-json\/wp\/v2\/users\/1"}],"replies":[{"embeddable":true,"href":"http:\/\/www.mertcanpolat.com.tr\/dev\/wp-json\/wp\/v2\/comments?post=4990"}],"version-history":[{"count":0,"href":"http:\/\/www.mertcanpolat.com.tr\/dev\/wp-json\/wp\/v2\/posts\/4990\/revisions"}],"wp:featuredmedia":[{"embeddable":true,"href":"http:\/\/www.mertcanpolat.com.tr\/dev\/wp-json\/wp\/v2\/media\/4991"}],"wp:attachment":[{"href":"http:\/\/www.mertcanpolat.com.tr\/dev\/wp-json\/wp\/v2\/media?parent=4990"}],"wp:term":[{"taxonomy":"category","embeddable":true,"href":"http:\/\/www.mertcanpolat.com.tr\/dev\/wp-json\/wp\/v2\/categories?post=4990"},{"taxonomy":"post_tag","embeddable":true,"href":"http:\/\/www.mertcanpolat.com.tr\/dev\/wp-json\/wp\/v2\/tags?post=4990"}],"curies":[{"name":"wp","href":"https:\/\/api.w.org\/{rel}","templated":true}]}}