{"id":4982,"date":"2017-02-20T17:09:00","date_gmt":"2017-02-20T17:09:00","guid":{"rendered":"http:\/\/www.mertcanpolat.com.tr\/dev\/index.php\/2017\/02\/20\/canakkale-savasi-kalintilari-yalovada-ele-gecirildi\/"},"modified":"2017-02-20T17:09:00","modified_gmt":"2017-02-20T17:09:00","slug":"canakkale-savasi-kalintilari-yalovada-ele-gecirildi","status":"publish","type":"post","link":"http:\/\/www.mertcanpolat.com.tr\/dev\/canakkale-savasi-kalintilari-yalovada-ele-gecirildi\/","title":{"rendered":"\u00c7ANAKKALE SAVA\u015eI KALINTILARI YALOVA\u2019DA ELE GE\u00c7\u0130R\u0130LD\u0130"},"content":{"rendered":"<p><b>Yalova&#39;da jandarman\u0131n asayi\u015f uygulamas\u0131 s\u0131ras\u0131nda ele ge\u00e7irilen ve \u00f6nemli b\u00f6l\u00fcm\u00fc \u00c7anakkale Sava\u015f\u0131&#39;ndan kald\u0131\u011f\u0131 belirlenen 704 par\u00e7a malzeme, Gelibolu Yar\u0131madas\u0131 Tarihi Alan Ba\u015fkanl\u0131\u011f\u0131&#39;na getirildi.<\/b>   <\/p>\n<p> <span style=\"font-size:14px;\">Gelibolu Yar\u0131madas\u0131 Tarihi Alan Ba\u015fkanl\u0131\u011f\u0131&#8217;nda g\u00f6revli sanat tarihi uzman\u0131 Yusuf Kartal, yapt\u0131\u011f\u0131 a\u00e7\u0131klamada, ele ge\u00e7irilen malzemelerin i\u00e7inde 16. ve 18. y\u00fczy\u0131la ait oldu\u011fu tahmin edilen Yata\u011fan tarz\u0131 iki k\u0131l\u0131\u00e7, \u00c7anakkale Sava\u015f\u0131&#8217;nda kullan\u0131lm\u0131\u015f sava\u015f objelerinin bulundu\u011funu s\u00f6yledi.<\/span> <\/p>\n<p> <span style=\"font-size:14px;\">Bunlar\u0131n geni\u015f bir koleksiyon oldu\u011funu ifade eden Kartal, \u015funlar\u0131 kaydetti:<\/span> <\/p>\n<p> <span style=\"font-size:14px;\">&#8220;Aralar\u0131nda nitelikli m\u00fczelerde sergilenebilecek eserlerle birlikte envantere kay\u0131tl\u0131 olabilecek eserler de bulunuyor. Tespit edilen eserlerin b\u00fcy\u00fck \u00e7o\u011funlu\u011fu bo\u015f ve dolu mermi kovanlar\u0131ndan olu\u015fuyor. \u0130\u00e7inde \u00c7anakkale muharebelerinde kullan\u0131lan \u0130ngiliz, Frans\u0131z, Osmanl\u0131 ve Anzaklara ait \u00e7e\u015fitli sava\u015f objeleri yer al\u0131yor. Ba\u015fkanl\u0131\u011f\u0131m\u0131z \u015fu anda bunlar\u0131 adli emanet olarak teslim alm\u0131\u015f durumda. Mahkeme karar\u0131na g\u00f6re ya m\u00fczelerimizden birisinde sergilenecek ya da sahibine geri teslim edilecek. Ne \u015fekilde temin edildi\u011fini bilmiyoruz. Jandarman\u0131n tahkikat\u0131 sonucu ortaya \u00e7\u0131kacak.&#8221;<\/span> <\/p>\n<p> <span style=\"font-size:14px;\">Gelibolu Yar\u0131madas\u0131 Tarihi Alan Ba\u015fkanl\u0131\u011f\u0131na teslim edilen malzemeler aras\u0131nda 4 tabanca, 3 mavzer t\u00fcfek namlu mekanizmas\u0131, 4 matara, 3 top mermisi kovan\u0131, 3 top mermisi \u00e7ekirde\u011fi, 9 ayd\u0131nlatma fi\u015fe\u011fi, 5 top mermisi ba\u015fl\u0131\u011f\u0131, 8 el bombas\u0131, 3 k\u00fcrek, 3 katana olarak tabir edilen nal, 20 d\u00fc\u011fme (Osmanl\u0131, \u0130ngiliz, Frans\u0131z, Anzak), k\u00f6stekli saat, barut kutusu, deri fi\u015feklik, sikke, ustura, tarak yer al\u0131yor.<\/span> <\/p>\n<p> <span style=\"font-size:14px;\">Ge\u00e7en 10 \u015eubat&#8217;ta Yalova&#8217;n\u0131n \u00c7iftlikk\u00f6y \u0130l\u00e7esi Top\u00e7ular Feribot \u0130skelesi&#8217;nde rutin kontrol yapan Ta\u015fk\u00f6pr\u00fc Jandarma Komutanl\u0131\u011f\u0131 ekipleri, illegal \u015fekilde bulunduruldu\u011fu anla\u015f\u0131lan 704 par\u00e7adan olu\u015fan \u00c7anakkale Sava\u015f\u0131&#8217;na ait eserler ele ge\u00e7irdi. Ele ge\u00e7irilen 704 par\u00e7a obje \u00c7anakkale Sava\u015flar\u0131 Tarihi Gelibolu Alan Ba\u015fkanl\u0131\u011f\u0131 uzmanlar\u0131ndan olu\u015fan bir heyet taraf\u0131ndan ge\u00e7en 17 \u015eubat&#8217;ta \u00c7iftlikk\u00f6y \u0130l\u00e7e Jandarma Komutanl\u0131\u011f\u0131&#8217;na gidilerek, teslim al\u0131nd\u0131.<\/span> <\/p>\n","protected":false},"excerpt":{"rendered":"<p>Yalova&#39;da jandarman\u0131n asayi\u015f uygulamas\u0131 s\u0131ras\u0131nda ele ge\u00e7irilen ve \u00f6nemli b\u00f6l\u00fcm\u00fc \u00c7anakkale Sava\u015f\u0131&#39;ndan kald\u0131\u011f\u0131 belirlenen 704 par\u00e7a malzeme, Gelibolu Yar\u0131madas\u0131 Tarihi<\/p>\n","protected":false},"author":1,"featured_media":4983,"comment_status":"open","ping_status":"open","sticky":false,"template":"","format":"standard","meta":[],"categories":[1],"tags":[],"_links":{"self":[{"href":"http:\/\/www.mertcanpolat.com.tr\/dev\/wp-json\/wp\/v2\/posts\/4982"}],"collection":[{"href":"http:\/\/www.mertcanpolat.com.tr\/dev\/wp-json\/wp\/v2\/posts"}],"about":[{"href":"http:\/\/www.mertcanpolat.com.tr\/dev\/wp-json\/wp\/v2\/types\/post"}],"author":[{"embeddable":true,"href":"http:\/\/www.mertcanpolat.com.tr\/dev\/wp-json\/wp\/v2\/users\/1"}],"replies":[{"embeddable":true,"href":"http:\/\/www.mertcanpolat.com.tr\/dev\/wp-json\/wp\/v2\/comments?post=4982"}],"version-history":[{"count":0,"href":"http:\/\/www.mertcanpolat.com.tr\/dev\/wp-json\/wp\/v2\/posts\/4982\/revisions"}],"wp:featuredmedia":[{"embeddable":true,"href":"http:\/\/www.mertcanpolat.com.tr\/dev\/wp-json\/wp\/v2\/media\/4983"}],"wp:attachment":[{"href":"http:\/\/www.mertcanpolat.com.tr\/dev\/wp-json\/wp\/v2\/media?parent=4982"}],"wp:term":[{"taxonomy":"category","embeddable":true,"href":"http:\/\/www.mertcanpolat.com.tr\/dev\/wp-json\/wp\/v2\/categories?post=4982"},{"taxonomy":"post_tag","embeddable":true,"href":"http:\/\/www.mertcanpolat.com.tr\/dev\/wp-json\/wp\/v2\/tags?post=4982"}],"curies":[{"name":"wp","href":"https:\/\/api.w.org\/{rel}","templated":true}]}}