{"id":4978,"date":"2017-02-20T22:23:00","date_gmt":"2017-02-20T22:23:00","guid":{"rendered":"http:\/\/www.mertcanpolat.com.tr\/dev\/index.php\/2017\/02\/20\/halk-egitime-yeni-bina\/"},"modified":"2017-02-20T22:23:00","modified_gmt":"2017-02-20T22:23:00","slug":"halk-egitime-yeni-bina","status":"publish","type":"post","link":"http:\/\/www.mertcanpolat.com.tr\/dev\/halk-egitime-yeni-bina\/","title":{"rendered":"HALK E\u011e\u0130T\u0130ME YEN\u0130 B\u0130NA"},"content":{"rendered":"<p><b>Yalova Halk E\u011fitim M\u00fcd\u00fcrl\u00fc\u011f\u00fc ek hizmet binas\u0131n\u0131n temeli t\u00f6renle at\u0131ld\u0131. Binan\u0131n 2017 y\u0131l\u0131 Temmuz ay\u0131nda tamamlanarak hizmete girmesi planlan\u0131yor.<\/b>   <\/p>\n<p> <span style=\"font-size:14px;\">Ge\u00e7ti\u011fimiz g\u00fcnlerde y\u0131k\u0131lan Halk E\u011fitim M\u00fcd\u00fcrl\u00fc\u011f\u00fc binas\u0131n\u0131n yerinde yap\u0131lacak olan 5 katl\u0131 ve 21 derslikli Halk E\u011fitim M\u00fcd\u00fcrl\u00fc\u011f\u00fc ek hizmet binas\u0131n\u0131n temeli at\u0131ld\u0131. Toplam bin 627 metre kare kapal\u0131 alandan olu\u015facak olan binan\u0131n temel atma t\u00f6reninde konu\u015fan Milli E\u011fitim M\u00fcd\u00fcr Vekili Ali Tosun, &#8220;Hayat boyu \u00f6\u011frenme okullarla s\u0131n\u0131rl\u0131 de\u011fildir. D\u00fcnya h\u0131zla de\u011fi\u015fiyor. Hayat boyu \u00f6\u011frenme ise ortaya \u00e7\u0131kan bu ihtiya\u00e7lara bir \u00e7\u00f6z\u00fcm yolu sunuyor. Hayat boyu e\u011fitimin hedefi \u00f6\u011frenen fertten \u00f6\u011frenen topluma ge\u00e7i\u015ftir. B\u00fcy\u00fck \u00f6nemi olan Halk E\u011fitim Merkezi ek hizmet binas\u0131n\u0131n temelini at\u0131yoruz&#8221; dedi.<\/span> <\/p>\n<p> <span style=\"font-size:14px;\">AK Parti Yalova Milletvekili Fikri Demirel de, &#8220;Yalova geli\u015fiyor, kalk\u0131n\u0131yor. N\u00fcfusumuzla birlikte ihtiya\u00e7lar da art\u0131yor. Halk E\u011fitim M\u00fcd\u00fcrl\u00fc\u011f\u00fcn\u00fcn mevcut binas\u0131 ihtiya\u00e7lara cevap veremedi\u011fi i\u00e7in b\u00f6yle bir ek bina ilavesi ile birlikte in\u015fallah \u00f6n\u00fcm\u00fczdeki d\u00f6nemlerde taleplerin daha iyi kar\u015f\u0131lanaca\u011f\u0131n\u0131 d\u00fc\u015f\u00fcn\u00fcyoruz. Yat\u0131r\u0131mlar\u0131m\u0131z h\u0131z kesmeden devam edecek. \u00dcst\u00fcm\u00fczde her t\u00fcrl\u00fc oyunun oynanmas\u0131na ra\u011fmen T\u00fcrkiye geli\u015fimini s\u00fcrd\u00fcrmektedir. Bug\u00fcn Halk E\u011fitim M\u00fcd\u00fcrl\u00fc\u011f\u00fcn\u00fcn temelini at\u0131yoruz. Hemen bu binan\u0131n yan\u0131nda YTSO&#8217;nun binas\u0131 y\u00fckseliyor, okullar\u0131n yap\u0131m\u0131 devam ediyor. \u0130n\u015fallah \u00f6n\u00fcm\u00fczdeki s\u00fcre\u00e7te 400 yatakl\u0131 bir hastaneyi Yalova&#8217;ya kazand\u0131raca\u011f\u0131z. K\u0131smen Yalova&#8217;n\u0131n \u015fehir i\u00e7i trafi\u011fini rahatlatacak \u00e7evre yolunun da yap\u0131m\u0131na ba\u015flanacak. Biz insana hizmet anlay\u0131\u015f\u0131 ile \u00e7al\u0131\u015f\u0131yoruz. Partili partisiz ayr\u0131m\u0131 asla yapmay\u0131z&#8221; diye konu\u015ftu.<\/span> <\/p>\n<p> <span style=\"font-size:14px;\">Vali Tu\u011fba Y\u0131lmaz da &#8220;Her \u015feyden \u00f6nce bulundu\u011fumuz g\u00f6revleri \u00e7ok iyi ifa etmek durumunday\u0131z. \u00c7ok \u00e7al\u0131\u015fmak zorunday\u0131z. Bu milletin yeni nesillerini de \u00e7ok iyi \u015fekilde e\u011fitmeliyiz. Bunun i\u00e7in \u00e7ok iyi e\u011fitim tesisleri yapmak durumunday\u0131z. Gen\u00e7lerimizi iyi e\u011fitmeliyiz ki ileride olabilecek hain sald\u0131r\u0131lar kar\u015f\u0131s\u0131nda \u015fuurlu olsunlar. Ana babalar\u0131n\u0131n yapt\u0131\u011f\u0131 gibi hainlere dur diyebilsinler&#8221; dedi.<\/span> <\/p>\n<p> <span style=\"font-size:14px;\">Binan\u0131n 2017 y\u0131l\u0131 Temmuz ay\u0131nda tamamlanarak hizmete girmesi hedefleniyor<\/span> <\/p>\n","protected":false},"excerpt":{"rendered":"<p>Yalova Halk E\u011fitim M\u00fcd\u00fcrl\u00fc\u011f\u00fc ek hizmet binas\u0131n\u0131n temeli t\u00f6renle at\u0131ld\u0131. Binan\u0131n 2017 y\u0131l\u0131 Temmuz ay\u0131nda tamamlanarak hizmete girmesi planlan\u0131yor. Ge\u00e7ti\u011fimiz<\/p>\n","protected":false},"author":1,"featured_media":4979,"comment_status":"open","ping_status":"open","sticky":false,"template":"","format":"standard","meta":[],"categories":[1],"tags":[],"_links":{"self":[{"href":"http:\/\/www.mertcanpolat.com.tr\/dev\/wp-json\/wp\/v2\/posts\/4978"}],"collection":[{"href":"http:\/\/www.mertcanpolat.com.tr\/dev\/wp-json\/wp\/v2\/posts"}],"about":[{"href":"http:\/\/www.mertcanpolat.com.tr\/dev\/wp-json\/wp\/v2\/types\/post"}],"author":[{"embeddable":true,"href":"http:\/\/www.mertcanpolat.com.tr\/dev\/wp-json\/wp\/v2\/users\/1"}],"replies":[{"embeddable":true,"href":"http:\/\/www.mertcanpolat.com.tr\/dev\/wp-json\/wp\/v2\/comments?post=4978"}],"version-history":[{"count":0,"href":"http:\/\/www.mertcanpolat.com.tr\/dev\/wp-json\/wp\/v2\/posts\/4978\/revisions"}],"wp:featuredmedia":[{"embeddable":true,"href":"http:\/\/www.mertcanpolat.com.tr\/dev\/wp-json\/wp\/v2\/media\/4979"}],"wp:attachment":[{"href":"http:\/\/www.mertcanpolat.com.tr\/dev\/wp-json\/wp\/v2\/media?parent=4978"}],"wp:term":[{"taxonomy":"category","embeddable":true,"href":"http:\/\/www.mertcanpolat.com.tr\/dev\/wp-json\/wp\/v2\/categories?post=4978"},{"taxonomy":"post_tag","embeddable":true,"href":"http:\/\/www.mertcanpolat.com.tr\/dev\/wp-json\/wp\/v2\/tags?post=4978"}],"curies":[{"name":"wp","href":"https:\/\/api.w.org\/{rel}","templated":true}]}}