{"id":4976,"date":"2017-03-08T00:25:00","date_gmt":"2017-03-08T00:25:00","guid":{"rendered":"http:\/\/www.mertcanpolat.com.tr\/dev\/index.php\/2017\/03\/08\/memur-senden-kadin-konferansi\/"},"modified":"2017-03-08T00:25:00","modified_gmt":"2017-03-08T00:25:00","slug":"memur-senden-kadin-konferansi","status":"publish","type":"post","link":"http:\/\/www.mertcanpolat.com.tr\/dev\/memur-senden-kadin-konferansi\/","title":{"rendered":"MEMUR SEN&#39;DEN KADIN KONFERANSI"},"content":{"rendered":"<p><b>Memur-Sen ve E\u011fitim-Bir-Sen Kad\u0131nlar Komisyonu, Kad\u0131nlar G\u00fcn\u00fc nedeniyle \u2018Gelecek \u0130\u00e7in \u00d6nce Kad\u0131n, \u00d6rg\u00fctl\u00fc M\u00fccadele \u0130\u00e7in \u00d6rg\u00fctl\u00fc Kad\u0131n\u2019 konulu konferans d\u00fczenledi.<\/b>   <\/p>\n<p> <span style=\"font-size:14px;\">Halk E\u011fitim Merkezi Konferans Salonu\u2019nda ger\u00e7ekle\u015ftirilen konferansa konu\u015fmac\u0131 olarak Memur-Sen ve E\u011fitim-Bir-Sen Kad\u0131nlar Komisyonu Genel Ba\u015fkan\u0131 Habibe \u00d6\u00e7al ile E\u011fitim-Bir-Sen kurucu \u00fcyesi Nazire Keten konu\u015fmac\u0131 olarak kat\u0131ld\u0131. Ak Parti Yalova Milletvekili Fikri Demirel, Ak Parti \u0130l Ba\u015fkan\u0131 Yusuf Ziya \u00d6ztabak ve \u0130l Milli E\u011fitim M\u00fcd\u00fcr\u00fc Ali Tosun\u2019da takip etti\u011fi konferans E\u011fitim-Bir-Sen Kad\u0131nlar Komisyonu \u0130l Ba\u015fkan\u0131 T\u00fclay \u00c7ak\u0131r bir konu\u015fma yaparak \u00f6rg\u00fctl\u00fc m\u00fccadelede kad\u0131n\u0131n rol\u00fcn\u00fc dile getirdi. Memur-Sen \u0130l Ba\u015fkan\u0131 U\u011fur Hakan Tan ise referandum s\u00fcrecinin \u2018evet\u2019 ile sonu\u00e7lanmas\u0131n\u0131n topluma olumlu yans\u0131malar\u0131 olaca\u011f\u0131n\u0131 iddia etti.<\/span> <\/p>\n<p> <span style=\"font-size:14px;\">Konferansta konu\u015fan Habibe \u00d6\u00e7al ise kad\u0131nlar\u0131n toplumsal rol\u00fcn\u00fc ve \u00f6rg\u00fctl\u00fc m\u00fccadelenin \u00f6nemini dinleyicileriyle payla\u015f\u0131rken \u2018Kad\u0131nlar, toplumun temel ta\u015f\u0131d\u0131r. Ba\u015far\u0131 ve huzurun tesisi kad\u0131nlar\u0131m\u0131zla m\u00fcmk\u00fcnd\u00fcr. Hele kad\u0131n \u00f6rg\u00fctl\u00fcyse ba\u015far\u0131 katlanarak gelecektir. Bunun i\u00e7in biz kad\u0131nlara \u00f6nemli g\u00f6revler d\u00fc\u015fmektedir. Bu noktada \u00f6n\u00fcm\u00fczdeki referandum ayr\u0131 ehemmiyet ta\u015f\u0131maktad\u0131r. \u00dclkemizin kalk\u0131nmas\u0131na \u2018evet\u2019 diyen kad\u0131nlar\u0131m\u0131z\u0131n \u00f6rg\u00fctl\u00fc hareketi \u00f6nemlidir\u2019 diye konu\u015ftu.<img alt=\"\" src=\"http:\/\/ajansyalova.com\/Images\/Thumbs\/Editor\/5925-memursenyalovakonferans.jpeg\" style=\"border-width: 2px; border-style: solid; margin: 2px; float: right; width: 800px; height: 286px;\" \/> <\/span> <\/p>\n<p> <span style=\"font-size:14px;\">E\u011fitim-Bir-Sen Kurucu \u00dcyesi Nazire Keten konu\u015fmas\u0131nda \u015funlar\u0131 dile getirdi:<\/span> <\/p>\n<p> <span style=\"font-size:14px;\">\u201cK\u00fc\u00e7\u00fck \u00e7\u0131karlar pe\u015finde ko\u015fan, aldat\u0131lm\u0131\u015f kand\u0131r\u0131lm\u0131\u015f bir g\u00fcruh olmak yerine, b\u00fcy\u00fck idealler pe\u015finde \u00f6nc\u00fc ve m\u00fccadeleci insanlara ihtiya\u00e7 vard\u0131r. Bu noktada \u00fclkemizin yak\u0131n zamanda ya\u015fad\u0131klar\u0131 bir ders olmal\u0131d\u0131r. Kad\u0131nlar\u0131m\u0131z \u00fclkenin gelece\u011finde \u00f6nemli roller \u00fcstlenmektedir. Bunun fark\u0131nda olarak gelece\u011fimize \u2018evet\u2019 dememiz referandum s\u00fcrecinde \u00f6nemlidir\u2019<\/span> <\/p>\n<p> <span style=\"font-size:14px;\">Bendir ve net dinletisinin de yap\u0131ld\u0131\u011f\u0131 konferans b\u00fcy\u00fck ilgi g\u00f6rd\u00fc.<\/span> <\/p>\n<p>&nbsp;<\/p>\n<p>&nbsp;<\/p>\n","protected":false},"excerpt":{"rendered":"<p>Memur-Sen ve E\u011fitim-Bir-Sen Kad\u0131nlar Komisyonu, Kad\u0131nlar G\u00fcn\u00fc nedeniyle \u2018Gelecek \u0130\u00e7in \u00d6nce Kad\u0131n, \u00d6rg\u00fctl\u00fc M\u00fccadele \u0130\u00e7in \u00d6rg\u00fctl\u00fc Kad\u0131n\u2019 konulu konferans d\u00fczenledi.<\/p>\n","protected":false},"author":1,"featured_media":4977,"comment_status":"open","ping_status":"open","sticky":false,"template":"","format":"standard","meta":[],"categories":[1],"tags":[],"_links":{"self":[{"href":"http:\/\/www.mertcanpolat.com.tr\/dev\/wp-json\/wp\/v2\/posts\/4976"}],"collection":[{"href":"http:\/\/www.mertcanpolat.com.tr\/dev\/wp-json\/wp\/v2\/posts"}],"about":[{"href":"http:\/\/www.mertcanpolat.com.tr\/dev\/wp-json\/wp\/v2\/types\/post"}],"author":[{"embeddable":true,"href":"http:\/\/www.mertcanpolat.com.tr\/dev\/wp-json\/wp\/v2\/users\/1"}],"replies":[{"embeddable":true,"href":"http:\/\/www.mertcanpolat.com.tr\/dev\/wp-json\/wp\/v2\/comments?post=4976"}],"version-history":[{"count":0,"href":"http:\/\/www.mertcanpolat.com.tr\/dev\/wp-json\/wp\/v2\/posts\/4976\/revisions"}],"wp:featuredmedia":[{"embeddable":true,"href":"http:\/\/www.mertcanpolat.com.tr\/dev\/wp-json\/wp\/v2\/media\/4977"}],"wp:attachment":[{"href":"http:\/\/www.mertcanpolat.com.tr\/dev\/wp-json\/wp\/v2\/media?parent=4976"}],"wp:term":[{"taxonomy":"category","embeddable":true,"href":"http:\/\/www.mertcanpolat.com.tr\/dev\/wp-json\/wp\/v2\/categories?post=4976"},{"taxonomy":"post_tag","embeddable":true,"href":"http:\/\/www.mertcanpolat.com.tr\/dev\/wp-json\/wp\/v2\/tags?post=4976"}],"curies":[{"name":"wp","href":"https:\/\/api.w.org\/{rel}","templated":true}]}}