{"id":4972,"date":"2017-03-08T10:43:00","date_gmt":"2017-03-08T10:43:00","guid":{"rendered":"http:\/\/www.mertcanpolat.com.tr\/dev\/index.php\/2017\/03\/08\/akpden-kilicdarogluna-evet-gazetesi\/"},"modified":"2017-03-08T10:43:00","modified_gmt":"2017-03-08T10:43:00","slug":"akpden-kilicdarogluna-evet-gazetesi","status":"publish","type":"post","link":"http:\/\/www.mertcanpolat.com.tr\/dev\/akpden-kilicdarogluna-evet-gazetesi\/","title":{"rendered":"AKP\u2019DEN KILI\u00c7DARO\u011eLU\u2019NA \u2018EVET\u2019 GAZETES\u0130"},"content":{"rendered":"<p><b>Ak Parti Yalova Gen\u00e7lik Kollar\u0131, CHP Genel Ba\u015fkan\u0131 Kemal K\u0131l\u0131\u00e7daro\u011flu\u2019na \u2018Evet\u2019 Gazetesi yollad\u0131.<\/b>   <\/p>\n<p> <span style=\"font-size:14px;\">Ak Parti Yalova Gen\u00e7lik Kollar\u0131 ilgin\u00e7 bir etkinli\u011fe imza att\u0131. CHP Genel Ba\u015fkan\u0131 Kemal K\u0131l\u0131\u00e7daro\u011flu\u2019nun \u00f6nceki g\u00fcnlerde bir radyo program\u0131nda yapt\u0131\u011f\u0131 a\u00e7\u0131klamalara cevap veren Gen\u00e7lik Kollar\u0131, PTT \u00f6n\u00fcnde bir a\u00e7\u0131klama yapt\u0131.<\/span> <\/p>\n<p> <span style=\"font-size:14px;\">Yalova Gen\u00e7lik Kollar\u0131 ad\u0131na a\u00e7\u0131klama yapan Mustafa Toraman, kat\u0131ld\u0131\u011f\u0131 radyo program\u0131nda \u201cD\u00fc\u015f\u00fcn\u00fcn yeni modeli kurduk. Halk se\u00e7ti cumhurba\u015fkan\u0131n\u0131, ba\u015fbakan da ba\u015fkas\u0131 oldu. Cumhurba\u015fkan\u0131 ba\u015fka partinin genel ba\u015fkan\u0131, ba\u015fbakan da ba\u015fka bir partinin genel ba\u015fkan\u0131. As\u0131l kavga o zaman \u00e7\u0131kacak, as\u0131l onu d\u00fc\u015f\u00fcnmemiz laz\u0131m\u201d c\u00fcmlesini kuran K\u0131l\u0131\u00e7daro\u011flu\u2019na \u015fu s\u00f6zlerle y\u00fcklendi:<\/span> <\/p>\n<p> <span style=\"font-size:14px;\">\u201c\u00d6ncelikle ba\u015fta CeHape Genel Ba\u015fkan\u0131 olmak \u00fczere CHP\u2019lilere anayasa de\u011fi\u015fikli\u011finin temelde de\u011fi\u015ftirdi\u011fi birka\u00e7 konudan bahsetmemiz elzem hale gelmi\u015f. \u00d6ncelikle yap\u0131lan bir sistem de\u011fi\u015fikli\u011fidir. Sistem de\u011fi\u015fikli\u011finde y\u00fcr\u00fctmedeki iki ba\u015fl\u0131l\u0131k ortadan kald\u0131r\u0131larak ba\u015fbakanl\u0131k kurumu kald\u0131r\u0131lmakta, y\u00fcr\u00fctmenin resmi ve fiili olarak ba\u015f\u0131 cumhurba\u015fkan\u0131 olmaktad\u0131r. Cumhurba\u015fkan\u0131n\u0131 ise do\u011frudan halk se\u00e7mektedir. Ayr\u0131ca getirilen yeni cumhurba\u015fkanl\u0131\u011f\u0131 sistemiyle kuvvetler ayr\u0131l\u0131\u011f\u0131 daha sert bi\u00e7imde ortaya \u00e7\u0131kmaktad\u0131r. \u015eimdi hal b\u00f6yleyken CeHape genel m\u00fcd\u00fcr\u00fcn\u00fcn anlamas\u0131 i\u00e7in tekrar s\u00f6ylemek gerekiyor ki \u2018gelecek yeni sistemde ba\u015fbakanl\u0131k kurumu kalkmaktad\u0131r\u201d<\/span> <\/p>\n<p> <span style=\"font-size:14px;\">\u201cKemal K\u0131l\u0131\u00e7daro\u011flu bir milletvekilidir ve milletvekilinin asli g\u00f6revi yap\u0131lan yasama faaliyetleri s\u0131ras\u0131nda milleti parlamentoda temsil etmektir\u201d diyen Toraman, a\u00e7\u0131klaman\u0131n tam manas\u0131yla bir fecaat oldu\u011funu s\u00f6yledi. Toraman, \u201cGer\u00e7eklerden ve do\u011frulardan uzak, millet i\u00e7in \u00e7al\u0131\u015fmay\u0131 b\u0131rakm\u0131\u015f sadece siyaset yapmay\u0131 ama\u00e7 haline getirmi\u015f bu zihniyet milletin iradesini yans\u0131tmak olan as\u0131l gayeyi \u00e7oktan unutmu\u015ftur. Sadece siyaset yapmay\u0131 \u00f6yle ama\u00e7 haline getirmi\u015flerdir ki derdi ya sadece AK Parti\u2019ye muhalefet yapmak ya da bu milleti kand\u0131rmakt\u0131r. Ana muhalefet partisinin ve genel m\u00fcd\u00fcr\u00fcn d\u00fc\u015ft\u00fc\u011f\u00fc bu durum millet ad\u0131na ger\u00e7ekten bizleri endi\u015felendirmektedir. Biz kendilerini Cumhurba\u015fkan\u0131m\u0131z Say\u0131n<a name=\"_GoBack\"> <\/a> Recep Tayyip Erdo\u011fan\u2019\u0131n \u201cSiyasetin tek liman\u0131 ahlakt\u0131r\u201d s\u00f6zleriyle millet i\u00e7in do\u011fru ve ahlakl\u0131 siyaset yapmaya davet ediyoruz. Anayasa de\u011fi\u015fikli\u011fini idrak etmeleri ad\u0131na, yeni sistemin T\u00fcrkiye\u2019ye ve milletimize kazan\u0131mlar\u0131n\u0131 anlatmak ad\u0131na kap\u0131m\u0131z her zaman a\u00e7\u0131kt\u0131r. Bu fecaat bize bir kez daha g\u00f6stermi\u015ftir ki birileri ahlaks\u0131zca milleti kand\u0131rmak ad\u0131na \u00e7al\u0131\u015fmaktad\u0131r. AK Gen\u00e7lik olarak \u00f6n\u00fcm\u00fczdeki 40 g\u00fcnde kap\u0131 kap\u0131, ki\u015fi ki\u015fi \u00e7al\u0131\u015fmalar\u0131m\u0131za daha g\u00fc\u00e7l\u00fc daha h\u0131zl\u0131 devam ederek yeni anayasa de\u011fi\u015fikli\u011finin \u2018millet i\u00e7in evet\u2019 oldu\u011funu anlataca\u011f\u0131z. 16 Nisan in\u015fallah daha g\u00fc\u00e7l\u00fc T\u00fcrkiye\u2019nin milad\u0131 olacak, 16 Nisan\u2019dan sonra bu devleti sadece ger\u00e7ek sahibi millet y\u00f6netecektir\u201d dedi.<\/span> <\/p>\n<p> <span style=\"font-size:14px;\">Partili gen\u00e7ler daha sonra posta yoluyla CHP Genel Merkezi\u2019ne gazete yollad\u0131.<\/span> <\/p>\n","protected":false},"excerpt":{"rendered":"<p>Ak Parti Yalova Gen\u00e7lik Kollar\u0131, CHP Genel Ba\u015fkan\u0131 Kemal K\u0131l\u0131\u00e7daro\u011flu\u2019na \u2018Evet\u2019 Gazetesi yollad\u0131. Ak Parti Yalova Gen\u00e7lik Kollar\u0131 ilgin\u00e7 bir<\/p>\n","protected":false},"author":1,"featured_media":4973,"comment_status":"open","ping_status":"open","sticky":false,"template":"","format":"standard","meta":[],"categories":[1],"tags":[],"_links":{"self":[{"href":"http:\/\/www.mertcanpolat.com.tr\/dev\/wp-json\/wp\/v2\/posts\/4972"}],"collection":[{"href":"http:\/\/www.mertcanpolat.com.tr\/dev\/wp-json\/wp\/v2\/posts"}],"about":[{"href":"http:\/\/www.mertcanpolat.com.tr\/dev\/wp-json\/wp\/v2\/types\/post"}],"author":[{"embeddable":true,"href":"http:\/\/www.mertcanpolat.com.tr\/dev\/wp-json\/wp\/v2\/users\/1"}],"replies":[{"embeddable":true,"href":"http:\/\/www.mertcanpolat.com.tr\/dev\/wp-json\/wp\/v2\/comments?post=4972"}],"version-history":[{"count":0,"href":"http:\/\/www.mertcanpolat.com.tr\/dev\/wp-json\/wp\/v2\/posts\/4972\/revisions"}],"wp:featuredmedia":[{"embeddable":true,"href":"http:\/\/www.mertcanpolat.com.tr\/dev\/wp-json\/wp\/v2\/media\/4973"}],"wp:attachment":[{"href":"http:\/\/www.mertcanpolat.com.tr\/dev\/wp-json\/wp\/v2\/media?parent=4972"}],"wp:term":[{"taxonomy":"category","embeddable":true,"href":"http:\/\/www.mertcanpolat.com.tr\/dev\/wp-json\/wp\/v2\/categories?post=4972"},{"taxonomy":"post_tag","embeddable":true,"href":"http:\/\/www.mertcanpolat.com.tr\/dev\/wp-json\/wp\/v2\/tags?post=4972"}],"curies":[{"name":"wp","href":"https:\/\/api.w.org\/{rel}","templated":true}]}}