{"id":4968,"date":"2017-03-08T12:05:00","date_gmt":"2017-03-08T12:05:00","guid":{"rendered":"http:\/\/www.mertcanpolat.com.tr\/dev\/index.php\/2017\/03\/08\/chp-hayiri-anlatiyor\/"},"modified":"2017-03-08T12:05:00","modified_gmt":"2017-03-08T12:05:00","slug":"chp-hayiri-anlatiyor","status":"publish","type":"post","link":"http:\/\/www.mertcanpolat.com.tr\/dev\/chp-hayiri-anlatiyor\/","title":{"rendered":"CHP, HAYIR\u2019I ANLATIYOR"},"content":{"rendered":"<p><b>CHP Yalova \u00d6rg\u00fct\u00fc, 16 Nisan referandumu \u00f6ncesinde sivil toplum kurulu\u015flar\u0131n\u0131 ziyaretlerine devam ediyor.<\/b>   <\/p>\n<p> <span style=\"font-size:14px;\">CHP \u0130l Ba\u015fkan\u0131 \u00d6zcan \u00d6zel ve il y\u00f6netimi ilk olarak \u00c7a\u011fda\u015f Ya\u015fam\u0131 Destekleme Derne\u011fi\u2019ne ziyarette bulundu. Dernek Ba\u015fkan\u0131 Ay\u015fen Sara\u00e7 ve y\u00f6neticiler taraf\u0131ndan kar\u015f\u0131lanan \u0130l Ba\u015fkan\u0131 \u00d6zel, \u201cE\u011fitimin h\u0131zla geriye g\u00f6t\u00fcr\u00fclmeye \u00e7al\u0131\u015f\u0131ld\u0131\u011f\u0131 g\u00fcnleri ya\u015f\u0131yoruz. E\u011fitimimiz bug\u00fcnk\u00fc iktidar taraf\u0131ndan her Bakan de\u011fi\u015fiminde yaz &#8211; boz tahtas\u0131 gibi s\u00fcrekli y\u00f6netmelik de\u011fi\u015fikleri yap\u0131ld\u0131. E\u011fitimciler, veliler ve \u00f6\u011frenciler bu sistemin alt\u0131nda adeta ezildiler. Ve son yap\u0131lan d\u00fcnya e\u011fitim sistemi de\u011ferlendirilmesinde \u00f6\u011frencilerimizin kaliteli e\u011fitimdeki notu a\u015fa\u011f\u0131lara d\u00fc\u015ft\u00fc. Bu durumun acilen d\u00fczeltilmesi gerek\u201d dedi. \u00d6zel, yap\u0131lacak referandumda parti olarak neden \u2018hay\u0131r\u2019 dediklerini anlatt\u0131. Dernek Ba\u015fkan\u0131 Sara\u00e7 ise \u201cBizlerin STK ve e\u011fitime hizmet vermemiz \u00f6nceli\u011fimizdir. Siyaset bizim d\u0131\u015f\u0131m\u0131zda bir olayd\u0131r. Her g\u00f6r\u00fc\u015ften insan\u0131m\u0131z\u0131n oldu\u011funu, bu b\u00fct\u00fcnl\u00fc\u011f\u00fcm\u00fcz\u00fc korumak ad\u0131na her kesin g\u00f6r\u00fc\u015f ve d\u00fc\u015f\u00fcncesine sayg\u0131m\u0131z var. \u00dclkemiz i\u00e7in en hay\u0131rl\u0131s\u0131 olan neyse o olsun\u201d diye konu\u015ftu.<\/span> <\/p>\n<p> <span style=\"font-size:14px;\">CHP y\u00f6netiminin ikinci dura\u011f\u0131 Yalova Seyyar Pazarc\u0131lar Odas\u0131 oldu. Oda Ba\u015fkan\u0131 Orhan \u015eevki Kalyoncu ile g\u00f6r\u00fc\u015fen \u0130l Ba\u015fkan\u0131 \u00d6zcan \u00d6zel, \u201cHalk\u0131m\u0131z\u0131n b\u00fcy\u00fck bir &nbsp;\u00e7o\u011funlu\u011fu maddelerin ne oldu\u011funu bile bilmiyorlar. TV&#8217;lerde ise akademik unvanl\u0131 ki\u015filer aralar\u0131nda tart\u0131\u015f\u0131yorlar. Halk\u0131n da izledi\u011fini pek sanm\u0131yorum. B\u00f6ylesi \u00fclkenin \u00f6nemli karar\u0131n\u0131 hukuk\u00e7ular\u0131m\u0131z\u0131n toplan\u0131p olu\u015fturmas\u0131 daha ak\u0131lc\u0131 olmaz m\u0131yd\u0131? Bizler madde madde anlatmaya \u00e7al\u0131\u015f\u0131yoruz ama inan\u0131r m\u0131s\u0131n\u0131z millet 3 maddeden sonra s\u0131k\u0131l\u0131yor. Dinlemiyorlar bile. \u0130\u015fte b\u00f6ylesi bir atmosferde se\u00e7im yapaca\u011f\u0131z. Ve gelece\u011fimizi oylar\u0131m\u0131zla belirleyece\u011fiz. Ya her \u015feyi ve yetkiyi verdi\u011fimiz tek adaml\u0131k rejimine gecece\u011fiz ya da parlamenter sistemimizi kurtaraca\u011f\u0131z. Bu arada Ba\u015fbakan Binali Y\u0131ld\u0131r\u0131m&#8217;\u0131n da ba\u015fbakanl\u0131\u011f\u0131n\u0131 kurtarm\u0131\u015f olaca\u011f\u0131z\u201d dedi.<\/span> <\/p>\n<p>&nbsp;<\/p>\n","protected":false},"excerpt":{"rendered":"<p>CHP Yalova \u00d6rg\u00fct\u00fc, 16 Nisan referandumu \u00f6ncesinde sivil toplum kurulu\u015flar\u0131n\u0131 ziyaretlerine devam ediyor. CHP \u0130l Ba\u015fkan\u0131 \u00d6zcan \u00d6zel ve il<\/p>\n","protected":false},"author":1,"featured_media":4969,"comment_status":"open","ping_status":"open","sticky":false,"template":"","format":"standard","meta":[],"categories":[1],"tags":[],"_links":{"self":[{"href":"http:\/\/www.mertcanpolat.com.tr\/dev\/wp-json\/wp\/v2\/posts\/4968"}],"collection":[{"href":"http:\/\/www.mertcanpolat.com.tr\/dev\/wp-json\/wp\/v2\/posts"}],"about":[{"href":"http:\/\/www.mertcanpolat.com.tr\/dev\/wp-json\/wp\/v2\/types\/post"}],"author":[{"embeddable":true,"href":"http:\/\/www.mertcanpolat.com.tr\/dev\/wp-json\/wp\/v2\/users\/1"}],"replies":[{"embeddable":true,"href":"http:\/\/www.mertcanpolat.com.tr\/dev\/wp-json\/wp\/v2\/comments?post=4968"}],"version-history":[{"count":0,"href":"http:\/\/www.mertcanpolat.com.tr\/dev\/wp-json\/wp\/v2\/posts\/4968\/revisions"}],"wp:featuredmedia":[{"embeddable":true,"href":"http:\/\/www.mertcanpolat.com.tr\/dev\/wp-json\/wp\/v2\/media\/4969"}],"wp:attachment":[{"href":"http:\/\/www.mertcanpolat.com.tr\/dev\/wp-json\/wp\/v2\/media?parent=4968"}],"wp:term":[{"taxonomy":"category","embeddable":true,"href":"http:\/\/www.mertcanpolat.com.tr\/dev\/wp-json\/wp\/v2\/categories?post=4968"},{"taxonomy":"post_tag","embeddable":true,"href":"http:\/\/www.mertcanpolat.com.tr\/dev\/wp-json\/wp\/v2\/tags?post=4968"}],"curies":[{"name":"wp","href":"https:\/\/api.w.org\/{rel}","templated":true}]}}