{"id":4966,"date":"2017-03-08T12:16:00","date_gmt":"2017-03-08T12:16:00","guid":{"rendered":"http:\/\/www.mertcanpolat.com.tr\/dev\/index.php\/2017\/03\/08\/yesilaydan-baskan-salmana-ziyaret\/"},"modified":"2017-03-08T12:16:00","modified_gmt":"2017-03-08T12:16:00","slug":"yesilaydan-baskan-salmana-ziyaret","status":"publish","type":"post","link":"http:\/\/www.mertcanpolat.com.tr\/dev\/yesilaydan-baskan-salmana-ziyaret\/","title":{"rendered":"YE\u015e\u0130LAY\u2019DAN BA\u015eKAN SALMAN\u2019A Z\u0130YARET"},"content":{"rendered":"<p><b>Yalova Belediye Ba\u015fkan\u0131 Vefa Salman, Ye\u015filay Yalova \u0130l Ba\u015fkan\u0131 Faik Ayd\u0131n ve y\u00f6netim kurulu \u00fcyelerini makam\u0131nda a\u011f\u0131rlad\u0131. Ye\u015filay haftas\u0131 sebebiyle yap\u0131lan ziyarette \u0130l Ba\u015fkan\u0131 Faik Ayd\u0131n, Yalova\u2019da yap\u0131lmas\u0131 planlanan proje ile ilgili de Ba\u015fkan Salman\u2019a bilgiler verdi. <\/b>   <\/p>\n<p> <span style=\"font-size:14px;\">Ye\u015filay Haftas\u0131 sebebiyle yap\u0131lan ziyarette \u0130l Ba\u015fkan\u0131 Faik Ayd\u0131n ve y\u00f6netim kurulu \u00fcyeleri dernek \u00e7al\u0131\u015fmalar\u0131 hakk\u0131nda Ba\u015fkan Salman\u2019\u0131 bilgilendirdi. Ba\u015fkan Faik Ayd\u0131n, \u201cBelediye Ba\u015fkan\u0131m\u0131z Vefa Salman bizlere olan deste\u011fini her zaman g\u00f6stermi\u015ftir. Yalova Belediyesi\u2019nin imkanlar\u0131 dahilinde sa\u011flad\u0131\u011f\u0131 katk\u0131lar i\u00e7in kendisine bir kez daha te\u015fekk\u00fcr ediyorum. \u00d6n\u00fcm\u00fczde ki g\u00fcnler i\u00e7erisinde \u2018Demokrasi Kent Projesi\u2019 ad\u0131 alt\u0131nda ger\u00e7ekle\u015ftirmeyi d\u00fc\u015f\u00fcnd\u00fc\u011f\u00fcm\u00fcz bir projemiz var. Bu proje, Ye\u015filay ve K\u0131z\u0131lay Genel Ba\u015fkanlar\u0131\u2019n\u0131n kat\u0131laca\u011f\u0131 bir ma\u00e7 organizasyonu olacak. Bunun hakk\u0131nda detayl\u0131 bilgiyi de ileriki g\u00fcnlerde a\u00e7\u0131klayaca\u011f\u0131z\u201d dedi. &nbsp;<\/span> <\/p>\n<p> <span style=\"font-size:14px;\">Ba\u015fkan Salman, \u201c\u00dclkemizde toplumun, \u00f6zellikle gen\u00e7 bireylerin k\u00f6t\u00fc al\u0131\u015fkanl\u0131klar ve ba\u011f\u0131ml\u0131l\u0131klardan kurtar\u0131lmas\u0131, toplumun bu konuda bilin\u00e7lendirilmesi i\u00e7in Ye\u015filay\u2019a b\u00fcy\u00fck g\u00f6revler d\u00fc\u015f\u00fcyor. Kentimizde de madde kullan\u0131m\u0131n\u0131n ve di\u011fer k\u00f6t\u00fc al\u0131\u015fkanl\u0131klar\u0131n \u00f6n\u00fcne ge\u00e7ilmesi i\u00e7in \u00e7e\u015fitli \u00e7al\u0131\u015fmalar ger\u00e7ekle\u015ftiriliyor. Zehirsiz, sa\u011fl\u0131kl\u0131 bir toplumun olu\u015fmas\u0131 ad\u0131na yapt\u0131\u011f\u0131n\u0131z \u00e7al\u0131\u015fmalar\u0131 her zaman takip ediyor ve destekliyoruz. \u0130mkanlar dahilinde belediyemizin \u00fczerine d\u00fc\u015fen g\u00f6revleri de yapmaya her zaman haz\u0131r\u0131z\u201d \u015feklinde konu\u015ftu. &nbsp;<\/span> <\/p>\n<p> <span style=\"font-size:14px;\">Ba\u015fkan Salman\u2019a yapt\u0131klar\u0131 ziyarette Ya\u015filay \u00e7ikolatas\u0131 ve Ye\u015filay anahtarl\u0131\u011f\u0131 hediye eden \u0130l Ba\u015fkan\u0131 Faik Ayd\u0131n ve y\u00f6netim kurulu \u00fcyeleri ard\u0131ndan birlikte g\u00fcn\u00fcn an\u0131s\u0131na foto\u011fraf \u00e7ektirdiler. <\/span> <\/p>\n<p>&nbsp;<\/p>\n<p>&nbsp;<\/p>\n<p>&nbsp;<\/p>\n","protected":false},"excerpt":{"rendered":"<p>Yalova Belediye Ba\u015fkan\u0131 Vefa Salman, Ye\u015filay Yalova \u0130l Ba\u015fkan\u0131 Faik Ayd\u0131n ve y\u00f6netim kurulu \u00fcyelerini makam\u0131nda a\u011f\u0131rlad\u0131. Ye\u015filay haftas\u0131 sebebiyle<\/p>\n","protected":false},"author":1,"featured_media":4967,"comment_status":"open","ping_status":"open","sticky":false,"template":"","format":"standard","meta":[],"categories":[1],"tags":[],"_links":{"self":[{"href":"http:\/\/www.mertcanpolat.com.tr\/dev\/wp-json\/wp\/v2\/posts\/4966"}],"collection":[{"href":"http:\/\/www.mertcanpolat.com.tr\/dev\/wp-json\/wp\/v2\/posts"}],"about":[{"href":"http:\/\/www.mertcanpolat.com.tr\/dev\/wp-json\/wp\/v2\/types\/post"}],"author":[{"embeddable":true,"href":"http:\/\/www.mertcanpolat.com.tr\/dev\/wp-json\/wp\/v2\/users\/1"}],"replies":[{"embeddable":true,"href":"http:\/\/www.mertcanpolat.com.tr\/dev\/wp-json\/wp\/v2\/comments?post=4966"}],"version-history":[{"count":0,"href":"http:\/\/www.mertcanpolat.com.tr\/dev\/wp-json\/wp\/v2\/posts\/4966\/revisions"}],"wp:featuredmedia":[{"embeddable":true,"href":"http:\/\/www.mertcanpolat.com.tr\/dev\/wp-json\/wp\/v2\/media\/4967"}],"wp:attachment":[{"href":"http:\/\/www.mertcanpolat.com.tr\/dev\/wp-json\/wp\/v2\/media?parent=4966"}],"wp:term":[{"taxonomy":"category","embeddable":true,"href":"http:\/\/www.mertcanpolat.com.tr\/dev\/wp-json\/wp\/v2\/categories?post=4966"},{"taxonomy":"post_tag","embeddable":true,"href":"http:\/\/www.mertcanpolat.com.tr\/dev\/wp-json\/wp\/v2\/tags?post=4966"}],"curies":[{"name":"wp","href":"https:\/\/api.w.org\/{rel}","templated":true}]}}