{"id":4962,"date":"2017-03-13T23:57:00","date_gmt":"2017-03-13T23:57:00","guid":{"rendered":"http:\/\/www.mertcanpolat.com.tr\/dev\/index.php\/2017\/03\/13\/ince-yalovalilara-hitap-etti\/"},"modified":"2017-03-13T23:57:00","modified_gmt":"2017-03-13T23:57:00","slug":"ince-yalovalilara-hitap-etti","status":"publish","type":"post","link":"http:\/\/www.mertcanpolat.com.tr\/dev\/ince-yalovalilara-hitap-etti\/","title":{"rendered":"\u0130NCE, YALOVALILARA H\u0130TAP ETT\u0130"},"content":{"rendered":"<p><b>CHP Yalova Milletvekili Muharrem \u0130nce, referandum \u00e7al\u0131\u015fmalar\u0131 kapsam\u0131nda bu kez kendi se\u00e7im b\u00f6lgesindeydi. Cumhuriyet Meydan\u0131\u2019n\u0131 dolduran kalabal\u0131\u011fa seslenen \u0130nce, Ba\u015fbakan Binali Y\u0131ld\u0131r\u0131m\u2019\u0131n Bolu\u2019daki gaf\u0131na de\u011findi.<\/b>   <\/p>\n<p> <span style=\"font-size:14px;\">Cumhuriyet Meydan\u0131\u2019nda d\u00fczenlenen mitinge binlerce ki\u015fi kat\u0131ld\u0131. Kalabal\u0131k ellerinde pankartlarla \u2018hay\u0131r\u2019 oyu vereceklerini a\u00e7\u0131klarken ellerindeki T\u00fcrk bayraklar\u0131yla \u00e7al\u0131nan \u015fark\u0131lara e\u015flik etti. \u0130nce, miting alan\u0131na Bolu Milletvekili Tanju \u00d6zcan, Edirne Milletvekili Erdin Bircan, Zonguldak Milletvekili \u015eerafettin Turp\u00e7u, Bilecik Milletvekili Ya\u015far T\u00fcz\u00fcn, \u0130stanbul Milletvekili Yakup Akkaya, Bal\u0131kesir Milletvekili Nam\u0131k Havut\u00e7a, Artvin Milletvekili U\u011fur Bayraktutan, Tekirda\u011f Milletvekili Emre K\u00f6pr\u00fcl\u00fc ile birlikte geldi. Mitingde partili belediye ba\u015fkanlar\u0131 ve il\u00e7e ba\u015fkanlar\u0131 da yer ald\u0131.<\/span> <\/p>\n<p> <span style=\"font-size:14px;\">Co\u015fkulu bir kalabal\u0131\u011fa hitap eden \u0130nce, referandum da &#8216;evet&#8217; denilirse 600 milletvekilinin se\u00e7ilece\u011fini, d\u0131\u015far\u0131dan atanan bakanlar ve cumhurba\u015fkan\u0131 yard\u0131mc\u0131lar\u0131yla bu say\u0131n\u0131n 650&#8217;ye \u00e7\u0131kaca\u011f\u0131n\u0131 belirterek, &#8220;Ben bir kamyon \u015fof\u00f6r\u00fcn\u00fcn o\u011flu olarak bu fakir milletin paras\u0131n\u0131n 650 milletvekiline b\u00f6l\u00fcnmesini i\u00e7ime sindiremiyorum.&nbsp; Onun i\u00e7in &#8216;hay\u0131r&#8217; oyu verece\u011fim&#8221; dedi.<\/span> <\/p>\n<p> <span style=\"font-size:14px;\"> <strong>K\u00f6ro\u011flu\u2019nun torunlar\u0131y\u0131z<img alt=\"\" src=\"http:\/\/ajansyalova.com\/Images\/Thumbs\/Editor\/5933-17103790_1271565846245884_6586149254450295070_n.jpeg\" style=\"border-width: 2px; border-style: solid; margin: 2px; float: right; width: 850px; height: 567px;\" \/> <\/strong> <\/span> <\/p>\n<p> <span style=\"font-size:14px;\">Ba\u015fbakan Binali Y\u0131ld\u0131r\u0131m\u2019\u0131n Bolululara zalimli\u011fiyle me\u015fhur \u2018Bolu Beyi\u2019nin torunlar\u0131\u2019 \u015feklindeki hitab\u0131na de\u011finen \u0130nce \u015f\u00f6yle devam etti:<\/span> <\/p>\n<p> <span style=\"font-size:14px;\">&#8220;Bu topraklarda unutmay\u0131n ki K\u00f6ro\u011flu vard\u0131, Bolu Beyi\u2019ne meydan okudu. Yar\u0131n bu meydana gelecek olan Binali Y\u0131ld\u0131r\u0131m diyor ki; &#8216;Siz Bolu Beyi&#8217;nin torunusunuz.&#8217; Cehaleti g\u00f6r\u00fcyor musun? Onlar Bolu Beyi&#8217;nin torunu olabilir, biz K\u00f6ro\u011flu&#8217;nun torunuyuz&#8221;<\/span> <\/p>\n<p> <span style=\"font-size:14px;\">B\u00fct\u00fcn kumpaslara kar\u015f\u0131 durduklar\u0131n\u0131 belirterek, referandum da hay\u0131r denilmesini isteyen \u0130nce, &#8220;1 Mart tezkeresi geldi, onlar &#8216;evet&#8217; dedi biz &#8216;hay\u0131r&#8217; dedik. Ard\u0131ndan FET\u00d6 geldi yarg\u0131y\u0131 teslim ald\u0131 2010&#8217;nda, onlar &#8216;evet&#8217; biz ise &#8216;hay\u0131r&#8217; dedik. Kumpas davalar\u0131 geldi. Balyoz, Ergenekon geldi. Generalleri gazetecileri hapse att\u0131lar. Onlar &#8216;evet&#8217;, biz &#8216;hay\u0131r&#8217; dedik. Kozmik oda geldi, onlar &#8216;evet&#8217; dedi, biz &#8216;hay\u0131r&#8217; dedik. Ard\u0131ndan Habur&#8217;da ter\u00f6rist kar\u015f\u0131lama geldi. Ne dediler? &#8216;evet&#8217; dediler, biz &#8216;hay\u0131r&#8217; dedik. Ard\u0131ndan \u00e7\u00f6z\u00fcm s\u00fcreci geldi. Onlar &#8216;evet&#8217; biz &#8216;hay\u0131r&#8217; dedik. Akil insan dediler, biz &#8216;hay\u0131r&#8217; dedik, onlar &#8216;evet&#8217; dedi. \u015eimdi 16 Nisan&#8217;da &#8216;evet mi&#8217; diyece\u011fiz, &#8216;hay\u0131r m\u0131 ?&#8217; Ben madde madde neden &#8216;hay\u0131r&#8217; dememiz gerekti\u011fini anlataca\u011f\u0131m ama emin olun ki onlar bu meydana gelip neden &#8216;evet&#8217; dememiz gerekti\u011fini s\u00f6yleyemeyecekler&#8221; diye konu\u015ftu.<\/span> <\/p>\n<p> <span style=\"font-size:14px;\"> <strong>Rejim de\u011fi\u015fikli\u011fi<\/strong> <\/span> <\/p>\n<p> <span style=\"font-size:14px;\">Referandumda &#8216;evet&#8217; \u00e7\u0131kmas\u0131 durumunda T\u00fcrkiye&#8217;nin rejim de\u011fi\u015fikli\u011fine gidilece\u011fini, devlet ba\u015fkan\u0131n\u0131n istedi\u011fini yapabilece\u011fini s\u00f6yleyen \u0130nce, bu konuda Ak Partilileri de uyar\u0131p, referandum da &#8216;hay\u0131r&#8217; demelerini istedi. Muharrem \u0130nce, s\u00f6zlerini \u015f\u00f6yle s\u00fcrd\u00fcrd\u00fc:<\/span> <\/p>\n<p> <span style=\"font-size:14px;\">&#8220;\u015eimdi &#8216;evet&#8217; dedi\u011fimiz zaman bu sisteme, bakanlar d\u0131\u015far\u0131dan olacak. Milletvekillerinden olmayacak. 30 ki\u015fi onlar. 20 de cumhurba\u015fkan\u0131 yard\u0131mc\u0131s\u0131, 600 de milletvekili. Etti mi 650. T\u00fcrkiye&#8217;nin n\u00fcfusu ne kadar? 80 milyon. Milletvekili say\u0131s\u0131 650 olacak. Amerika Birle\u015fik Devletleri&#8217;ndeki milletvekili say\u0131s\u0131 ka\u00e7? 435. 300 milyona 435, 80 milyonluk T\u00fcrkiye&#8217;ye 650. Evet verecek olan Yaloval\u0131lara sesleniyorum; senin vicdan\u0131n bunu kabul ediyor mu? Yani T\u00fcrkiye&#8217;ye 300 milletvekili yeter. Trilyonlarca lira milletvekillerine maa\u015f verece\u011fiz. Ben bir kamyon \u015fof\u00f6r\u00fcn\u00fcn o\u011flu olarak bu fakir milletin paras\u0131n\u0131n 650 milletvekiline b\u00f6l\u00fcnmesini i\u00e7ime sindiremiyorum. Onun i\u00e7in &#8216;hay\u0131r&#8217; oyu verece\u011fim\u201d<\/span> <\/p>\n<p> <span style=\"font-size:14px;\"> <strong> <img alt=\"\" src=\"http:\/\/ajansyalova.com\/Images\/Thumbs\/Editor\/5934-17155423_1271569542912181_7144003341707835059_n.jpeg\" style=\"border-width: 2px; border-style: solid; margin: 2px; float: left; width: 500px; height: 257px;\" \/>TRT\u2019ye hakk\u0131m\u0131 helal etmiyorum<\/strong> <\/span> <\/p>\n<p> <span style=\"font-size:14px;\">\u0130nce, Almanya ile ya\u015fanan toplant\u0131 krizine ili\u015fkin de a\u00e7\u0131klamalarda bulundu:<\/span> <\/p>\n<p> <span style=\"font-size:14px;\">&#8220;2008 y\u0131l\u0131nda TBMM&#8217;den bir kanun \u00e7\u0131kt\u0131. Kanun \u015fu; &#8216;Yurt d\u0131\u015f\u0131nda, yurt d\u0131\u015f\u0131 temsilciliklerde ve g\u00fcmr\u00fck kap\u0131lar\u0131nda propaganda yap\u0131lamaz&#8217; diyor. Biz, kendimiz yurt d\u0131\u015f\u0131nda propaganda yapmay\u0131 kanunla yasaklam\u0131\u015f\u0131z. \u015eu anda Hollanda, Almanya bizimle dalga ge\u00e7iyor. Bunun alt\u0131nda Recep Tayyip Erdo\u011fan&#8217;\u0131n imzas\u0131 var. T\u00fcrkiye d\u0131\u015f\u0131nda propaganda yap\u0131lamaz, diye Meclis&#8217;ten kanun \u00e7\u0131kt\u0131. Adam sana kanununu hat\u0131rlat\u0131yor. \u00d6nce bu kanunu de\u011fi\u015ftirmen laz\u0131m. T\u00fcrkiye Cumhuriyeti h\u00fck\u00fcmeti ile Almanya aras\u0131nda problem oldu\u011funda hi\u00e7 kimsenin \u015f\u00fcphesi olmas\u0131n ki biz T\u00fcrk h\u00fck\u00fcmetinin yan\u0131nda oluruz. Onu destekleriz. AKP de olsa ba\u015fka parti de olsa destekleriz. Ama milleti kand\u0131rmak i\u00e7in yap\u0131yorlar bunu&#8221; diye konu\u015ftu.<\/span> <\/p>\n<p> <span style=\"font-size:14px;\">Mitinde TRT\u2019ye de \u00e7atan \u0130nce &#8220;Yanda\u015f TRT g\u00fcn boyu evet propagandas\u0131 yap\u0131yor. Yaz\u0131klar olsun, hakk\u0131m\u0131z\u0131 sana helal etmiyoruz. Halk\u0131n vergileriyle yay\u0131n yapan bir kamu kurulu\u015fu yanda\u015fl\u0131k yap\u0131yor, hak ihlal ediyor\u201ddedi.<\/span> <\/p>\n","protected":false},"excerpt":{"rendered":"<p>CHP Yalova Milletvekili Muharrem \u0130nce, referandum \u00e7al\u0131\u015fmalar\u0131 kapsam\u0131nda bu kez kendi se\u00e7im b\u00f6lgesindeydi. Cumhuriyet Meydan\u0131\u2019n\u0131 dolduran kalabal\u0131\u011fa seslenen \u0130nce, Ba\u015fbakan<\/p>\n","protected":false},"author":1,"featured_media":4963,"comment_status":"open","ping_status":"open","sticky":false,"template":"","format":"standard","meta":[],"categories":[1],"tags":[],"_links":{"self":[{"href":"http:\/\/www.mertcanpolat.com.tr\/dev\/wp-json\/wp\/v2\/posts\/4962"}],"collection":[{"href":"http:\/\/www.mertcanpolat.com.tr\/dev\/wp-json\/wp\/v2\/posts"}],"about":[{"href":"http:\/\/www.mertcanpolat.com.tr\/dev\/wp-json\/wp\/v2\/types\/post"}],"author":[{"embeddable":true,"href":"http:\/\/www.mertcanpolat.com.tr\/dev\/wp-json\/wp\/v2\/users\/1"}],"replies":[{"embeddable":true,"href":"http:\/\/www.mertcanpolat.com.tr\/dev\/wp-json\/wp\/v2\/comments?post=4962"}],"version-history":[{"count":0,"href":"http:\/\/www.mertcanpolat.com.tr\/dev\/wp-json\/wp\/v2\/posts\/4962\/revisions"}],"wp:featuredmedia":[{"embeddable":true,"href":"http:\/\/www.mertcanpolat.com.tr\/dev\/wp-json\/wp\/v2\/media\/4963"}],"wp:attachment":[{"href":"http:\/\/www.mertcanpolat.com.tr\/dev\/wp-json\/wp\/v2\/media?parent=4962"}],"wp:term":[{"taxonomy":"category","embeddable":true,"href":"http:\/\/www.mertcanpolat.com.tr\/dev\/wp-json\/wp\/v2\/categories?post=4962"},{"taxonomy":"post_tag","embeddable":true,"href":"http:\/\/www.mertcanpolat.com.tr\/dev\/wp-json\/wp\/v2\/tags?post=4962"}],"curies":[{"name":"wp","href":"https:\/\/api.w.org\/{rel}","templated":true}]}}