{"id":4958,"date":"2017-03-14T00:30:00","date_gmt":"2017-03-14T00:30:00","guid":{"rendered":"http:\/\/www.mertcanpolat.com.tr\/dev\/index.php\/2017\/03\/14\/basbakan-yalovadan-evet-istedi\/"},"modified":"2017-03-14T00:30:00","modified_gmt":"2017-03-14T00:30:00","slug":"basbakan-yalovadan-evet-istedi","status":"publish","type":"post","link":"http:\/\/www.mertcanpolat.com.tr\/dev\/basbakan-yalovadan-evet-istedi\/","title":{"rendered":"BA\u015eBAKAN, YALOVA\u2019DAN \u2018EVET\u2019 \u0130STED\u0130"},"content":{"rendered":"<p><b>Ba\u015fbakan ve Ak Parti Genel Ba\u015fkan\u0131 Binali Y\u0131ld\u0131r\u0131m, referandum \u00e7al\u0131\u015fmalar\u0131 kapsam\u0131nda Yalova\u2019da halka hitap etti. Yalova\u2019ya kendi d\u00f6nemlerinde yap\u0131lan yat\u0131r\u0131mlar\u0131 hat\u0131rlatan Y\u0131ld\u0131r\u0131m, daha \u00f6nce oldu\u011fu gibi yine \u2018hastane\u2019 s\u00f6z\u00fc verdi.<\/b>   <\/p>\n<p> <span style=\"font-size:14px;\">Ba\u015fbakan Binali Y\u0131ld\u0131r\u0131m, Yalova\u2019da ilk olarak e\u015fi Semiha Y\u0131ld\u0131r\u0131m ile birlikte valili\u011fi ziyaret etti. Vali Tu\u011fba Y\u0131lmaz ve t\u00f6ren mangas\u0131 taraf\u0131ndan kar\u015f\u0131lanan Y\u0131ld\u0131r\u0131m\u2019a y\u00f6resel k\u0131yafet giymi\u015f \u00e7ocuklar \u00e7i\u00e7ek hediye etti. Y\u0131ld\u0131r\u0131m, ard\u0131ndan 15 Temmuz Demokrasi ve Cumhuriyet Meydan\u0131\u2019nda vatanda\u015flara hitap etti.<\/span> <\/p>\n<p> <span style=\"font-size:14px;\">T\u00fcrkiye&#8217;yi il il gezdiklerini, meydanlarda halkla co\u015fkuyla bulu\u015ftuklar\u0131n\u0131 belirten Y\u0131ld\u0131r\u0131m, 15 y\u0131ld\u0131r el ele, g\u00f6n\u00fcl g\u00f6n\u00fcle yola devam ettiklerini s\u00f6yledi. Bu kutlu yolda, Yalova&#8217;n\u0131n kendilerini yaln\u0131z b\u0131rakmad\u0131\u011f\u0131n\u0131, her zaman kendilerine destek oldu\u011funu ifade eden Y\u0131ld\u0131r\u0131m, &#8220;2007&#8217;de AK Parti&#8217;ye, Cumhuriyet Halk Partisi, Mecliste &#8216;Cumhurba\u015fkan\u0131n\u0131 se\u00e7emezsiniz&#8217; dedi\u011finde, biz de dedik ki e\u011fer biz se\u00e7miyorsak asl\u0131 se\u00e7er, millet se\u00e7er ve cumhurba\u015fkan\u0131n\u0131n do\u011frudan millet taraf\u0131ndan se\u00e7ilmesi i\u00e7in halk oylamas\u0131na gittik. Yalova y\u00fczde 63&#8217;\u00fcn \u00fczerinde oy verdi, destek verdi. T\u00fcrkiye, milletin adam\u0131n\u0131 se\u00e7ilmi\u015f ilk cumhurba\u015fkan\u0131 yapt\u0131.&#8221; dedi.<\/span> <\/p>\n<p> <span style=\"font-size:14px;\">Yalova&#8217;n\u0131n, son 15 y\u0131lda AK Parti&#8217;ye destek oldu\u011funa i\u015faret eden Y\u0131ld\u0131r\u0131m, &#8220;\u00dclkemize \u00e7ok g\u00fczel i\u015fler kazand\u0131rd\u0131k ama bunun AK Parti&#8217;ye ba\u011fl\u0131, ki\u015filere ba\u011fl\u0131 olmadan, gelecek i\u00e7in s\u00fcreklilik arz etmesi laz\u0131m. Bazen diyorlar ki &#8216;Bu sistemi Recep Tayyip Erdo\u011fan kendisi i\u00e7in istiyor.&#8217; Yalova&#8217;dan s\u00f6yl\u00fcyorum, getirdi\u011fimiz bu sistem de\u011fi\u015fikli\u011fi Erdo\u011fan i\u00e7in de\u011fil her do\u011fan i\u00e7indir.&#8221; ifadelerini kulland\u0131.<img alt=\"\" src=\"http:\/\/ajansyalova.com\/Images\/Thumbs\/Editor\/5937-yalova10.jpeg\" style=\"border-width: 2px; border-style: solid; margin: 2px; float: right; width: 900px; height: 500px;\" \/> <\/span> <\/p>\n<p> <span style=\"font-size:14px;\">Anayasa de\u011fi\u015fikli\u011fine HDP&#8217;nin, Almanya&#8217;n\u0131n, FET\u00d6&#8217;n\u00fcn, Hollanda&#8217;n\u0131n kar\u015f\u0131 \u00e7\u0131kt\u0131\u011f\u0131n\u0131, &#8220;Hay\u0131r&#8221; dedi\u011fini belirten Y\u0131ld\u0131r\u0131m, &#8220;Demek ki bu i\u015fte bir yanl\u0131\u015fl\u0131k var, o halde &#8216;Evet&#8217; diyece\u011fiz. Sand\u0131klar\u0131 da t\u0131ka basa dolduraca\u011f\u0131z, onlar\u0131n da hak etti\u011fi cevab\u0131 en iyi \u015fekilde verece\u011fiz.&#8221; ifadelerini kulland\u0131.<\/span> <\/p>\n<p> <span style=\"font-size:14px;\">Aile ve Sosyal Politikalar Bakan\u0131 Fatma Bet\u00fcl Sayan Kaya&#8217;ya Hollanda&#8217;da yap\u0131lan muamelenin asla kabul edilemez oldu\u011funu vurgulayan Ba\u015fbakan Y\u0131ld\u0131r\u0131m, &#8220;Hollanda, b\u00fct\u00fcn uluslararas\u0131 diplomatik kurallar\u0131 hi\u00e7e sayarak, Bakan\u0131m\u0131z\u0131n seyahat \u00f6zg\u00fcrl\u00fc\u011f\u00fcn\u00fc engellemi\u015f ve \u00fclkeyi terk etmeye zorlam\u0131\u015ft\u0131r. \u015eunu herkes bilmelidir, T\u00fcrkiye bunun cevab\u0131n\u0131 en a\u011f\u0131r \u015fekilde verecektir. Bir daha \u00fclkemize, vatanda\u015flar\u0131m\u0131za kar\u015f\u0131 buna benzer aymaz hareketlerin olmamas\u0131 i\u00e7in gereken neyse yap\u0131lacakt\u0131r.&#8221; dedi.<\/span> <\/p>\n<p> <span style=\"font-size:14px;\">Ba\u015fbakan Y\u0131ld\u0131r\u0131m, yurt d\u0131\u015f\u0131nda ya\u015fayan T\u00fcrk vatanda\u015flar\u0131na, &#8220;5 milyon memleket sevdal\u0131s\u0131na&#8221; seslenerek, &#8220;Aman tahriklere kap\u0131lmay\u0131n, provokasyona gelmeyin. Sizin bu yap\u0131lan insanl\u0131k d\u0131\u015f\u0131 uygulamalara verece\u011finiz en g\u00fczel cevap 16 Nisan&#8217;da &#8216;Evet, evet, evet&#8217; cevab\u0131d\u0131r.&#8221; \u015feklinde konu\u015ftu.&nbsp;<\/span> <\/p>\n<p> <span style=\"font-size:14px;\">Y\u0131ld\u0131r\u0131m, milletin, T\u00fcrkiye&#8217;nin y\u00fckseli\u015finin devam\u0131, g\u00fcven ve istikrar i\u00e7in sand\u0131\u011fa gidece\u011fini, sand\u0131kta cevab\u0131n\u0131 verece\u011fini s\u00f6yledi.<\/span> <\/p>\n<p> <span style=\"font-size:14px;\"> <strong>YALOVA\u2019YA YAPILAN YATIRIMLAR<\/strong> <\/span> <\/p>\n<p> <span style=\"font-size:14px;\">Yalova&#8217;ya Cumhurba\u015fkan\u0131 Recep Tayyip Erdo\u011fan&#8217;\u0131n \u0130stanbul B\u00fcy\u00fck\u015fehir Belediye Ba\u015fkan\u0131 oldu\u011fu d\u00f6nemden itibaren, 1994&#8217;ten beri hizmet ettiklerine dikkati \u00e7eken Y\u0131ld\u0131r\u0131m, o d\u00f6nem Yalova&#8217;ya iskeleler yapt\u0131klar\u0131n\u0131, h\u0131zl\u0131 feribot seferleri koyduklar\u0131n\u0131, Kartal&#8217;dan, Kabata\u015f&#8217;tan, Yenikap\u0131&#8217;dan h\u0131zl\u0131 deniz otob\u00fcsleri seferlerini ba\u015flatt\u0131klar\u0131n\u0131 anlatt\u0131.<\/span> <\/p>\n<p> <span style=\"font-size:14px;\">Ba\u015fbakan Y\u0131ld\u0131r\u0131m, o d\u00f6nemde bu hizmetleri yaparken de kendilerine kar\u015f\u0131 \u00e7\u0131k\u0131ld\u0131\u011f\u0131n\u0131 hat\u0131rlatarak, \u015f\u00f6yle konu\u015ftu:<\/span> <\/p>\n<p> <span style=\"font-size:14px;\">&#8220;Buran\u0131n belediyesi kar\u015f\u0131 \u00e7\u0131kt\u0131, buran\u0131n o bildi\u011fimiz &#8216;Hay\u0131r&#8217;c\u0131 tayfas\u0131, istemez\u00fck\u00e7\u00fcleri hep kar\u015f\u0131 \u00e7\u0131kt\u0131lar ama biz dedik ki murat da bir inatt\u0131r, yapaca\u011f\u0131z, Yalova&#8217;y\u0131 \u0130stanbul&#8217;a ba\u011flayaca\u011f\u0131z.&#8217; dedik. O g\u00fcn bug\u00fcn Yalova ile beraberiz \u00e7\u00fcnk\u00fc biz meydanlara gelip, oy isteyen, se\u00e7imden sonra da kaybolup gidenlerden de\u011filiz. Hesap ortada, kitap ortada, hizmet ortada. 15 y\u0131lda Yalova&#8217;ya 7 milyar yat\u0131r\u0131m yapt\u0131k, helali ho\u015f olsun. 2002&#8217;de Yalova sadece 16 milyon ihracat yaparken, bug\u00fcn 700 milyon dolar\u0131n \u00fczerinde ihracat yapar hale geldi.<\/span> <\/p>\n<p> <span style=\"font-size:14px;\">Okullardaki toplam derslik say\u0131s\u0131n\u0131 y\u00fczde 100 art\u0131rd\u0131k, bin 410 konutu yapt\u0131k, hak sahiplerine teslim ettik, adalet saray\u0131n\u0131 hizmete ald\u0131k. 2008&#8217;de Yalova&#8217;y\u0131 \u00fcniversite \u015fehri yapt\u0131k, gen\u00e7lik merkezi, y\u00fczme havuzlar\u0131, Alt\u0131nova Spor Salonu ve yat limanlar\u0131n\u0131 hizmete ald\u0131k. Tersaneler b\u00f6lgesini Yalova&#8217;ya kazand\u0131rd\u0131k, 10 binden fazla insan \u00e7al\u0131\u015f\u0131yor, a\u015f-i\u015f temin ediyor. \u00c7\u0131narc\u0131k Hastanesi fizik tedavi merkezini a\u00e7t\u0131k, 2005&#8217;te Yalova&#8217;y\u0131 do\u011falgazla bulu\u015fturduk. 15 y\u0131lda tar\u0131ma ve hayvanc\u0131l\u0131\u011fa \u00f6nemli destekler yapt\u0131k. \u00c7ift\u00e7ilerimize deste\u011fimiz s\u00fcr\u00fcyor, bu seneden itibaren mazotun yar\u0131s\u0131n\u0131 da devlet verecek. G\u00f6k\u00e7e Baraj\u0131&#8217;n\u0131n su kapasitesini art\u0131rd\u0131k, Yalova&#8217;n\u0131n i\u00e7me suyu problemini \u00e7\u00f6zd\u00fck.&#8221;<\/span> <\/p>\n<p> <span style=\"font-size:14px;\">Yalova&#8217;ya yap\u0131lan b\u00f6l\u00fcnm\u00fc\u015f yollar, k\u00f6pr\u00fcler ve ula\u015ft\u0131rma yat\u0131r\u0131mlar\u0131n\u0131 sayan Y\u0131ld\u0131r\u0131m, &#8220;50 senedir k\u00f6rfez k\u00f6pr\u00fcs\u00fc konu\u015fulur, 1970&#8217;ten beri konu\u015fulur. AK Parti konu\u015fmaz, AK Parti yapar. O g\u00fczel k\u00f6pr\u00fcy\u00fc g\u00f6r\u00fcyor musunuz? Osman Gazi K\u00f6pr\u00fcs\u00fc, 36 ayda, 3 y\u0131lda bitti. D\u00fcnyan\u0131n \u00fc\u00e7\u00fcnc\u00fc b\u00fcy\u00fck k\u00f6pr\u00fcs\u00fc. \u015eimdi buradan \u00e7\u0131k\u0131yorsunuz, k\u00f6pr\u00fcden ge\u00e7in, ver elini \u0130stanbul. Bir saat bile s\u00fcrmez. K\u00f6pr\u00fcn\u00fcn devam\u0131n\u0131 Gemlik&#8217;e kadar a\u00e7t\u0131k. Samanl\u0131&#8217;daki t\u00fcneller bitti. \u015eimdi Gemlik ve Bursa aras\u0131n\u0131 bug\u00fcn a\u00e7\u0131yoruz.&#8221; ifadelerini kulland\u0131.<\/span> <\/p>\n<p> <span style=\"font-size:14px;\">Y\u0131ld\u0131r\u0131m, kentte yap\u0131lacak 400 yatakl\u0131 \u015fehir hastanesinin temelinin bu y\u0131l i\u00e7inde at\u0131laca\u011f\u0131 bildirdi.<\/span> <\/p>\n<p> <span style=\"font-size:14px;\">Cumhurba\u015fkanl\u0131\u011f\u0131 h\u00fck\u00fcmet sisteminin h\u0131z ve g\u00fc\u00e7 kataca\u011f\u0131n\u0131 vurgulayan Ba\u015fbakan Y\u0131ld\u0131r\u0131m, &#8220;T\u00fcrkiye i\u00e7in yeni ve parlak g\u00fcnler 16 Nisan&#8217;dan sonra ba\u015flayacak. Bu sistemle demokrasimiz daha da geli\u015fecek&#8221; diye konu\u015ftu.<\/span> <\/p>\n<p> <span style=\"font-size:14px;\"> <strong> <img alt=\"\" src=\"http:\/\/ajansyalova.com\/Images\/Thumbs\/Editor\/5938-yalova8.jpeg\" style=\"border-width: 2px; border-style: solid; margin: 2px; float: left; width: 900px; height: 500px;\" \/>&#8220;BU DE\u011e\u0130\u015e\u0130MDEN T\u00dcRK\u0130YE KAZANACAK&#8221;<\/strong> <\/span> <\/p>\n<p> <span style=\"font-size:14px;\">Ba\u015fbakan Y\u0131ld\u0131r\u0131m, h\u0131zl\u0131 karar alan, icraat yapan etkin bir y\u00f6netim modelinin hayata ge\u00e7irilece\u011fini belirterek, &#8220;2023 ve daha ilerisi hedeflere ula\u015fma h\u0131z\u0131m\u0131z artacak, kalk\u0131nma ivmesi kazan\u0131lacak&#8221; dedi.<\/span> <\/p>\n<p> <span style=\"font-size:14px;\">De\u011fi\u015fiklikle &#8220;Meclisin as\u0131l i\u015fine bakaca\u011f\u0131n\u0131&#8221; belirten Y\u0131ld\u0131r\u0131m, \u015fu de\u011ferlendirmelerde bulundu:<\/span> <\/p>\n<p> <span style=\"font-size:14px;\">&#8220;H\u00fck\u00fcmeti millet ad\u0131na denetleyecek, kanunlar\u0131 yapacak. Art\u0131k kanunlar h\u00fck\u00fcmet de\u011fil, milletvekilleri taraf\u0131ndan Meclise verilecek. Meclis ayn\u0131 zamanda se\u00e7ilmi\u015f cumhurba\u015fkan\u0131 ve onun bakanlar\u0131n\u0131 da denetleyecek. Kar\u015f\u0131l\u0131kl\u0131 se\u00e7im yenileme hakk\u0131yla cumhurba\u015fkan\u0131n\u0131n hem de Meclisin birlikte se\u00e7imlerinin yenilenmesi sa\u011flanm\u0131\u015f olacak. Birlikte se\u00e7imlerin yenilenme \u015fart\u0131 krizleri a\u015fmak, uzla\u015fmay\u0131 sa\u011flamak i\u00e7in \u00f6nemli bir ara\u00e7 olacak. H\u00fck\u00fcmet ve Meclisin uyumlu \u00e7al\u0131\u015fmas\u0131 T\u00fcrkiye&#8217;yi u\u00e7uracak. G\u00fc\u00e7l\u00fc h\u00fck\u00fcmet sistemi \u00fclkemizi b\u00f6lgesinde ve d\u00fcnyada siyasette, demokraside ve g\u00fcvenlikte \u00e7ok daha etkin konuma getirecek. Bu de\u011fi\u015fimden T\u00fcrkiye kazanacak, millet kazanacak.&#8221;<\/span> <\/p>\n<p> <span style=\"font-size:14px;\">Y\u0131ld\u0131r\u0131m konu\u015fmas\u0131n\u0131n sonunda alandakilerin, &#8220;Karar\u0131m\u0131z net, oyumuz? G\u00fcc\u00fcm\u00fcz millet, oyumuz?&nbsp; Demokrasiye? Daha \u00e7ok a\u015f, daha \u00e7ok i\u015f, daha \u00e7ok hizmet i\u00e7in? Lider \u00fclke T\u00fcrkiye i\u00e7in? Tek millet, tek devlet, tek bayrak, tek vatan i\u00e7in?&#8221; kararlar\u0131n\u0131 sordu. Alan\u0131 dolduran kalabal\u0131k Y\u0131ld\u0131r\u0131m&#8217;a &#8220;Evet&#8221; kar\u015f\u0131l\u0131\u011f\u0131n\u0131 verdi.<\/span> <\/p>\n<p>&nbsp;<\/p>\n","protected":false},"excerpt":{"rendered":"<p>Ba\u015fbakan ve Ak Parti Genel Ba\u015fkan\u0131 Binali Y\u0131ld\u0131r\u0131m, referandum \u00e7al\u0131\u015fmalar\u0131 kapsam\u0131nda Yalova\u2019da halka hitap etti. Yalova\u2019ya kendi d\u00f6nemlerinde yap\u0131lan yat\u0131r\u0131mlar\u0131<\/p>\n","protected":false},"author":1,"featured_media":4959,"comment_status":"open","ping_status":"open","sticky":false,"template":"","format":"standard","meta":[],"categories":[1],"tags":[],"_links":{"self":[{"href":"http:\/\/www.mertcanpolat.com.tr\/dev\/wp-json\/wp\/v2\/posts\/4958"}],"collection":[{"href":"http:\/\/www.mertcanpolat.com.tr\/dev\/wp-json\/wp\/v2\/posts"}],"about":[{"href":"http:\/\/www.mertcanpolat.com.tr\/dev\/wp-json\/wp\/v2\/types\/post"}],"author":[{"embeddable":true,"href":"http:\/\/www.mertcanpolat.com.tr\/dev\/wp-json\/wp\/v2\/users\/1"}],"replies":[{"embeddable":true,"href":"http:\/\/www.mertcanpolat.com.tr\/dev\/wp-json\/wp\/v2\/comments?post=4958"}],"version-history":[{"count":0,"href":"http:\/\/www.mertcanpolat.com.tr\/dev\/wp-json\/wp\/v2\/posts\/4958\/revisions"}],"wp:featuredmedia":[{"embeddable":true,"href":"http:\/\/www.mertcanpolat.com.tr\/dev\/wp-json\/wp\/v2\/media\/4959"}],"wp:attachment":[{"href":"http:\/\/www.mertcanpolat.com.tr\/dev\/wp-json\/wp\/v2\/media?parent=4958"}],"wp:term":[{"taxonomy":"category","embeddable":true,"href":"http:\/\/www.mertcanpolat.com.tr\/dev\/wp-json\/wp\/v2\/categories?post=4958"},{"taxonomy":"post_tag","embeddable":true,"href":"http:\/\/www.mertcanpolat.com.tr\/dev\/wp-json\/wp\/v2\/tags?post=4958"}],"curies":[{"name":"wp","href":"https:\/\/api.w.org\/{rel}","templated":true}]}}