{"id":4952,"date":"2017-03-14T12:01:00","date_gmt":"2017-03-14T12:01:00","guid":{"rendered":"http:\/\/www.mertcanpolat.com.tr\/dev\/index.php\/2017\/03\/14\/yalova-belediyesine-odul\/"},"modified":"2017-03-14T12:01:00","modified_gmt":"2017-03-14T12:01:00","slug":"yalova-belediyesine-odul","status":"publish","type":"post","link":"http:\/\/www.mertcanpolat.com.tr\/dev\/yalova-belediyesine-odul\/","title":{"rendered":"YALOVA BELED\u0130YES\u0130&#39;NE \u00d6D\u00dcL"},"content":{"rendered":"<p><b>Alt\u0131n Kentler Platformu taraf\u0131ndan her y\u0131l d\u00fczenlenen, Alt\u0131n \u015eehir \u00d6d\u00fclleri (Golden City Awards 2017) yar\u0131\u015fmas\u0131nda Yalova, Yalova Belediyesi\u2019nin yapm\u0131\u015f oldu\u011fu \u00e7al\u0131\u015fmalar neticesinde halk oylamas\u0131yla y\u0131l\u0131n Alt\u0131n Kenti olarak se\u00e7ildi.<\/b>   <\/p>\n<p> <span style=\"font-size:14px;\">Alt\u0131n Kentler Platformu\u2019nun \u00fclkemizde ba\u015fta \u015fehircilik alan\u0131nda geli\u015fmeyi te\u015fvik etmek, sivil toplum \u00f6rg\u00fct\u00fc olarak toplum nezdinde yap\u0131lan ba\u015far\u0131l\u0131 \u00e7al\u0131\u015fmalara kamuoyunda fark\u0131ndal\u0131k yaratarak destek olmak ve bilinirlili\u011fini artt\u0131rmak amac\u0131yla d\u00fczenledi\u011fi Alt\u0131n \u015eehir \u00d6d\u00fclleri sahiplerini buldu. \u0130ki ana kategoride yap\u0131lan yar\u0131\u015fmada halk oylamas\u0131yla ger\u00e7ekle\u015ftirilen y\u0131l\u0131n Alt\u0131n Kenti oylamas\u0131nda Yalova Belediyesi \u00f6d\u00fcle lay\u0131k g\u00f6r\u00fcld\u00fc.<\/span> <\/p>\n<p> <strong> <span style=\"font-size:14px;\">Kriter Halk\u0131n Be\u011fenisi<\/span> <\/strong> <\/p>\n<p> <span style=\"font-size:14px;\">Yar\u0131\u015fmada \u015fehrin geli\u015fmesinde belediyenin hizmet ve projeleriyle halk\u0131n ba\u015far\u0131l\u0131 buldu\u011fu ve \u00f6nerdi\u011fi &nbsp;adaylar dikkate al\u0131narak de\u011ferlendirildi. Bu kategoride en \u00e7ok oy alan adaylar aras\u0131ndan b\u00fcy\u00fck\u015fehir, il ve il\u00e7e belediyesi alt\u0131n bayrak \u00f6d\u00fcl\u00fcne lay\u0131k g\u00f6r\u00fcld\u00fc.<\/span> <\/p>\n<p> <strong> <span style=\"font-size:14px;\">\u00d6d\u00fcl T\u00f6reni Per\u015fembe G\u00fcn\u00fc<\/span> <\/strong> <\/p>\n<p> <span style=\"font-size:14px;\">Alt\u0131n Kentler Platformu\u2019nca organize edilen yar\u0131\u015fman\u0131n \u00f6d\u00fcl t\u00f6reni Per\u015fembe g\u00fcn\u00fc \u0130stanbul\u2019da yap\u0131lacak. \u00d6d\u00fcl t\u00f6renine Yalova Belediye Ba\u015fkan\u0131 Vefa Salman bizzat kat\u0131lacak.<\/span> <\/p>\n<p> <strong> <span style=\"font-size:14px;\">\u201cBizim \u0130\u00e7in S\u00fcrpriz Olmad\u0131\u201d<\/span> <\/strong> <\/p>\n<p> <span style=\"font-size:14px;\">\u201c2014 y\u0131l\u0131ndan beri kentimizin geli\u015fimine katk\u0131 sa\u011flamak amac\u0131yla mesai kavram\u0131 g\u00f6zetmeksizin ben, ekibim ve belediyemizin \u00e7al\u0131\u015fanlar\u0131 de\u011ferli mesai arkada\u015flar\u0131m gece g\u00fcnd\u00fcz \u00e7al\u0131\u015f\u0131yoruz\u201d diyen Ba\u015fkan Vefa Salman \u00f6d\u00fclle ilgili \u015funlar\u0131 s\u00f6yledi:<\/span> <\/p>\n<p> <span style=\"font-size:14px;\">\u201cBu \u00e7al\u0131\u015fman\u0131n yans\u0131malar\u0131n\u0131 halk\u0131m\u0131zdan zaten al\u0131yoruz. Vatanda\u015flar\u0131m\u0131z bizden ve \u00e7al\u0131\u015fmalar\u0131m\u0131zdan memnun olduklar\u0131n\u0131 \u00e7e\u015fitli vesilelerle yapm\u0131\u015f oldu\u011fumuz ziyaretlerde, toplant\u0131larda bizlere dile getiriyor. \u00c7\u00fcnk\u00fc biz \u00e7al\u0131\u015fmalar\u0131m\u0131z\u0131n ana merkezine halk\u0131m\u0131z\u0131n memnuniyetini ald\u0131k. \u0130lk g\u00fcnden beri birlikte y\u00f6netece\u011fiz dedik. Halk\u0131m\u0131z\u0131n beklentilerini, taleplerini yerine getiriyoruz. Yapt\u0131\u011f\u0131m\u0131z \u00e7al\u0131\u015fmalar\u0131nda t\u00fcm T\u00fcrkiye\u2019de ses getirmesi bizleri daha da mutlu ediyor. Forbes Dergisi\u2019nin yapm\u0131\u015f oldu\u011fu ara\u015ft\u0131rma neticesinde de Yalova, bir\u00e7ok b\u00fcy\u00fck\u015fehri geride b\u0131rakarak 7. s\u0131rada kendisine yer bulurken, &#8216;Temel Hizmetler Eri\u015fim&#8217; kategorisinde 1. s\u0131rada yer ald\u0131. \u0130lk kez bu kategoride \u0130stanbul, \u0130zmir, Ankara d\u0131\u015f\u0131nda bir kent birincili\u011fi elde etti. Sosyal demokrat belediyecilik anlay\u0131\u015f\u0131yla halk\u0131m\u0131za hizmet etmeyi s\u00fcrd\u00fcrece\u011fiz. Bizi bu \u00f6d\u00fcle lay\u0131k g\u00f6ren, oy veren herkese te\u015fekk\u00fcr ediyorum. Bu \u00f6d\u00fclde di\u011fer \u00f6d\u00fcller gibi Yalova\u2019n\u0131n onuru ve gururudur\u201d<\/span> <\/p>\n<p> <span style=\"font-size:14px;\">&nbsp;&nbsp;<\/span> <\/p>\n","protected":false},"excerpt":{"rendered":"<p>Alt\u0131n Kentler Platformu taraf\u0131ndan her y\u0131l d\u00fczenlenen, Alt\u0131n \u015eehir \u00d6d\u00fclleri (Golden City Awards 2017) yar\u0131\u015fmas\u0131nda Yalova, Yalova Belediyesi\u2019nin yapm\u0131\u015f oldu\u011fu<\/p>\n","protected":false},"author":1,"featured_media":4953,"comment_status":"open","ping_status":"open","sticky":false,"template":"","format":"standard","meta":[],"categories":[1],"tags":[],"_links":{"self":[{"href":"http:\/\/www.mertcanpolat.com.tr\/dev\/wp-json\/wp\/v2\/posts\/4952"}],"collection":[{"href":"http:\/\/www.mertcanpolat.com.tr\/dev\/wp-json\/wp\/v2\/posts"}],"about":[{"href":"http:\/\/www.mertcanpolat.com.tr\/dev\/wp-json\/wp\/v2\/types\/post"}],"author":[{"embeddable":true,"href":"http:\/\/www.mertcanpolat.com.tr\/dev\/wp-json\/wp\/v2\/users\/1"}],"replies":[{"embeddable":true,"href":"http:\/\/www.mertcanpolat.com.tr\/dev\/wp-json\/wp\/v2\/comments?post=4952"}],"version-history":[{"count":0,"href":"http:\/\/www.mertcanpolat.com.tr\/dev\/wp-json\/wp\/v2\/posts\/4952\/revisions"}],"wp:featuredmedia":[{"embeddable":true,"href":"http:\/\/www.mertcanpolat.com.tr\/dev\/wp-json\/wp\/v2\/media\/4953"}],"wp:attachment":[{"href":"http:\/\/www.mertcanpolat.com.tr\/dev\/wp-json\/wp\/v2\/media?parent=4952"}],"wp:term":[{"taxonomy":"category","embeddable":true,"href":"http:\/\/www.mertcanpolat.com.tr\/dev\/wp-json\/wp\/v2\/categories?post=4952"},{"taxonomy":"post_tag","embeddable":true,"href":"http:\/\/www.mertcanpolat.com.tr\/dev\/wp-json\/wp\/v2\/tags?post=4952"}],"curies":[{"name":"wp","href":"https:\/\/api.w.org\/{rel}","templated":true}]}}