{"id":4950,"date":"2017-03-14T12:18:00","date_gmt":"2017-03-14T12:18:00","guid":{"rendered":"http:\/\/www.mertcanpolat.com.tr\/dev\/index.php\/2017\/03\/14\/ozelden-tip-bayrami-kutlamasi\/"},"modified":"2017-03-14T12:18:00","modified_gmt":"2017-03-14T12:18:00","slug":"ozelden-tip-bayrami-kutlamasi","status":"publish","type":"post","link":"http:\/\/www.mertcanpolat.com.tr\/dev\/ozelden-tip-bayrami-kutlamasi\/","title":{"rendered":"\u00d6ZEL\u2019DEN TIP BAYRAMI KUTLAMASI"},"content":{"rendered":"<p><b>CHP Yalova \u0130l Ba\u015fkan\u0131 \u00d6zcan \u00d6zel, 14 Mart T\u0131p Bayram\u0131 nedeniyle bir kutlama mesaj\u0131 yay\u0131mlad\u0131.<\/b>   <\/p>\n<p> <span style=\"font-size:14px;\">T\u0131p alan\u0131nda \u00e7al\u0131\u015fan t\u00fcm sa\u011fl\u0131k emek\u00e7ilerinin bayram\u0131n\u0131 kutlayan \u0130l Ba\u015fkan\u0131 \u00d6zcan \u00d6zel, mesaj\u0131nda \u201cZorlu bir e\u011fitim s\u00fcrecinden sonra, s\u00fcrekli yenilenmeyi, geli\u015fmeleri izlemeyi, bilimsel ara\u015ft\u0131rmalar\u0131n merkezinde olmay\u0131 gerektiren doktorluk, bilime ve insanl\u0131\u011fa hizmet noktas\u0131nda da \u00e7ok \u00f6nemli bir g\u00f6revi yerine getirmektedir. Temel bir insan hakk\u0131 olan \u2018sa\u011fl\u0131kl\u0131 ya\u015fam hakk\u0131\u2019n\u0131n sunumunda g\u00f6sterilen \u00f6zverili \u00e7abalar her t\u00fcrl\u00fc \u00f6vg\u00fcn\u00fcn \u00fczerindedir. \u0130nsan sa\u011fl\u0131\u011f\u0131n\u0131n korunmas\u0131, sa\u011fl\u0131k sorunlar\u0131n\u0131n ortadan kald\u0131r\u0131lmas\u0131 ad\u0131na her ko\u015fulda g\u00f6rev yapan doktorlar\u0131n ve sa\u011fl\u0131k \u00e7al\u0131\u015fanlar\u0131n\u0131n ortaya koydu\u011fu \u00f6zverili \u00e7aban\u0131n de\u011feri tart\u0131\u015f\u0131lmaz bir ger\u00e7ektir\u201d ifadelerine yer verdi.<\/span> <\/p>\n<p> <span style=\"font-size:14px;\">\u00d6zel, mesaj\u0131nda \u015funlar\u0131 dile getirdi:<\/span> <\/p>\n<p> <span style=\"font-size:14px;\">\u201cSa\u011fl\u0131k politikalar\u0131na ve sa\u011fl\u0131\u011fa yap\u0131lan yat\u0131r\u0131m insana, dolay\u0131s\u0131yla gelece\u011fe yap\u0131lan en b\u00fcy\u00fck yat\u0131r\u0131md\u0131r. Sa\u011fl\u0131k hizmetlerinin en \u00fcst seviyeye \u00e7\u0131kart\u0131lmas\u0131 ve toplum sa\u011fl\u0131\u011f\u0131n\u0131n g\u00fcvence alt\u0131na al\u0131nmas\u0131 sosyal devletin en \u00f6nemli \u00f6nceli\u011fi olmal\u0131d\u0131r. Sa\u011fl\u0131k politikalar\u0131n ve sa\u011fl\u0131k camias\u0131n\u0131n \u00e7al\u0131\u015fma ko\u015fullar\u0131n\u0131n bir an \u00f6nce g\u00f6zden ge\u00e7irilmesi ve bozulan \u00e7al\u0131\u015fma bar\u0131\u015f\u0131n\u0131n da bir an \u00f6nce sa\u011flanmas\u0131 gerekmektedir. Bedenen ve ruhen sa\u011fl\u0131kl\u0131 bireyler, e\u011fitimin g\u00fc\u00e7lenmesine, \u00fcretimin artmas\u0131na, \u00fclkenin kalk\u0131nmas\u0131na dolay\u0131s\u0131yla toplumsal refah d\u00fczeyinin y\u00fckselmesine \u00f6nemli katk\u0131 sunarlar. Bu duygu ve d\u00fc\u015f\u00fcncelerle; \u00fclkemizin ve t\u00fcm d\u00fcnyan\u0131n sa\u011fl\u0131kl\u0131 bir gelece\u011fe kavu\u015fmas\u0131 i\u00e7in b\u00fcy\u00fck bir \u00f6zveriyle g\u00f6revlerini s\u00fcrd\u00fcren ba\u015fta doktorlar\u0131m\u0131z olmak \u00fczere t\u00fcm sa\u011fl\u0131k camias\u0131n\u0131n 14 Mart T\u0131p Bayram\u0131\u2019n\u0131 i\u00e7ten dileklerimle kutluyor, sevgi ve sayg\u0131lar\u0131m\u0131 sunuyorum\u201d<\/span> <\/p>\n<p>&nbsp;<\/p>\n","protected":false},"excerpt":{"rendered":"<p>CHP Yalova \u0130l Ba\u015fkan\u0131 \u00d6zcan \u00d6zel, 14 Mart T\u0131p Bayram\u0131 nedeniyle bir kutlama mesaj\u0131 yay\u0131mlad\u0131. T\u0131p alan\u0131nda \u00e7al\u0131\u015fan t\u00fcm sa\u011fl\u0131k<\/p>\n","protected":false},"author":1,"featured_media":4951,"comment_status":"open","ping_status":"open","sticky":false,"template":"","format":"standard","meta":[],"categories":[1],"tags":[],"_links":{"self":[{"href":"http:\/\/www.mertcanpolat.com.tr\/dev\/wp-json\/wp\/v2\/posts\/4950"}],"collection":[{"href":"http:\/\/www.mertcanpolat.com.tr\/dev\/wp-json\/wp\/v2\/posts"}],"about":[{"href":"http:\/\/www.mertcanpolat.com.tr\/dev\/wp-json\/wp\/v2\/types\/post"}],"author":[{"embeddable":true,"href":"http:\/\/www.mertcanpolat.com.tr\/dev\/wp-json\/wp\/v2\/users\/1"}],"replies":[{"embeddable":true,"href":"http:\/\/www.mertcanpolat.com.tr\/dev\/wp-json\/wp\/v2\/comments?post=4950"}],"version-history":[{"count":0,"href":"http:\/\/www.mertcanpolat.com.tr\/dev\/wp-json\/wp\/v2\/posts\/4950\/revisions"}],"wp:featuredmedia":[{"embeddable":true,"href":"http:\/\/www.mertcanpolat.com.tr\/dev\/wp-json\/wp\/v2\/media\/4951"}],"wp:attachment":[{"href":"http:\/\/www.mertcanpolat.com.tr\/dev\/wp-json\/wp\/v2\/media?parent=4950"}],"wp:term":[{"taxonomy":"category","embeddable":true,"href":"http:\/\/www.mertcanpolat.com.tr\/dev\/wp-json\/wp\/v2\/categories?post=4950"},{"taxonomy":"post_tag","embeddable":true,"href":"http:\/\/www.mertcanpolat.com.tr\/dev\/wp-json\/wp\/v2\/tags?post=4950"}],"curies":[{"name":"wp","href":"https:\/\/api.w.org\/{rel}","templated":true}]}}