{"id":4948,"date":"2017-03-14T16:40:00","date_gmt":"2017-03-14T16:40:00","guid":{"rendered":"http:\/\/www.mertcanpolat.com.tr\/dev\/index.php\/2017\/03\/14\/saglikcilarin-bayramini-unutmadilar\/"},"modified":"2017-03-14T16:40:00","modified_gmt":"2017-03-14T16:40:00","slug":"saglikcilarin-bayramini-unutmadilar","status":"publish","type":"post","link":"http:\/\/www.mertcanpolat.com.tr\/dev\/saglikcilarin-bayramini-unutmadilar\/","title":{"rendered":"SA\u011eLIK\u00c7ILARIN BAYRAMINI UNUTMADILAR"},"content":{"rendered":"<p><b>\u00c7\u0131narc\u0131k Belediyesi, il\u00e7ede g\u00f6rev yapan sa\u011fl\u0131k personellerinin 14 Mart T\u0131p Bayram\u0131\u2019n\u0131 unutmad\u0131.<\/b>   <\/p>\n<p> <span style=\"font-size:14px;\">\u00c7\u0131narc\u0131k Belediye Ba\u015fkan Vekili Co\u015fkun Parlak &nbsp;ve Belediye Meclis \u00dcyesi \u00d6m\u00fcr Ert\u00fcrk il\u00e7edeki sa\u011fl\u0131k kurumlar\u0131n\u0131 ziyaret ederek personelin T\u0131p Bayram\u0131\u2019n\u0131 kutlad\u0131. \u00c7\u0131narc\u0131k Belediyesi Bas\u0131n, Yay\u0131n ve Halkla \u0130li\u015fkiler M\u00fcd\u00fcr\u00fc H\u00fclya Nazl\u0131\u2019n\u0131n e\u015flik etti\u011fi Parlak ve Ert\u00fcrk, ilk olarak \u00c7\u0131narc\u0131k Devlet Hastanesi Ba\u015fhekimi Uz.Dr. Ramazan Han\u2019\u0131 ziyaret etti. Han ve personelin haftalar\u0131n\u0131 kutlayan Parlak ve Ert\u00fcrk ard\u0131ndan \u00c7\u0131narc\u0131k Toplum Sa\u011fl\u0131\u011f\u0131 Merkezi\u2019ne ge\u00e7ti. &nbsp;<\/span> <\/p>\n<p> <span style=\"font-size:14px;\">Ba\u015fkan Vekili Parlak \u201cGece g\u00fcnd\u00fcz demeden onurlu ve kutsal bir g\u00f6revi b\u00fcy\u00fck \u00f6zveriyle yerine getirmeye \u00e7al\u0131\u015fan t\u00fcm doktor ve sa\u011fl\u0131k \u00e7al\u0131\u015fanlar\u0131m\u0131z\u0131n 14 Mart T\u0131p Bayram\u0131\u2019n\u0131&nbsp;kutlar\u0131m\u201d dedi.<\/span> <\/p>\n","protected":false},"excerpt":{"rendered":"<p>\u00c7\u0131narc\u0131k Belediyesi, il\u00e7ede g\u00f6rev yapan sa\u011fl\u0131k personellerinin 14 Mart T\u0131p Bayram\u0131\u2019n\u0131 unutmad\u0131. \u00c7\u0131narc\u0131k Belediye Ba\u015fkan Vekili Co\u015fkun Parlak &nbsp;ve Belediye<\/p>\n","protected":false},"author":1,"featured_media":4949,"comment_status":"open","ping_status":"open","sticky":false,"template":"","format":"standard","meta":[],"categories":[1],"tags":[],"_links":{"self":[{"href":"http:\/\/www.mertcanpolat.com.tr\/dev\/wp-json\/wp\/v2\/posts\/4948"}],"collection":[{"href":"http:\/\/www.mertcanpolat.com.tr\/dev\/wp-json\/wp\/v2\/posts"}],"about":[{"href":"http:\/\/www.mertcanpolat.com.tr\/dev\/wp-json\/wp\/v2\/types\/post"}],"author":[{"embeddable":true,"href":"http:\/\/www.mertcanpolat.com.tr\/dev\/wp-json\/wp\/v2\/users\/1"}],"replies":[{"embeddable":true,"href":"http:\/\/www.mertcanpolat.com.tr\/dev\/wp-json\/wp\/v2\/comments?post=4948"}],"version-history":[{"count":0,"href":"http:\/\/www.mertcanpolat.com.tr\/dev\/wp-json\/wp\/v2\/posts\/4948\/revisions"}],"wp:featuredmedia":[{"embeddable":true,"href":"http:\/\/www.mertcanpolat.com.tr\/dev\/wp-json\/wp\/v2\/media\/4949"}],"wp:attachment":[{"href":"http:\/\/www.mertcanpolat.com.tr\/dev\/wp-json\/wp\/v2\/media?parent=4948"}],"wp:term":[{"taxonomy":"category","embeddable":true,"href":"http:\/\/www.mertcanpolat.com.tr\/dev\/wp-json\/wp\/v2\/categories?post=4948"},{"taxonomy":"post_tag","embeddable":true,"href":"http:\/\/www.mertcanpolat.com.tr\/dev\/wp-json\/wp\/v2\/tags?post=4948"}],"curies":[{"name":"wp","href":"https:\/\/api.w.org\/{rel}","templated":true}]}}