{"id":4946,"date":"2017-03-14T16:46:00","date_gmt":"2017-03-14T16:46:00","guid":{"rendered":"http:\/\/www.mertcanpolat.com.tr\/dev\/index.php\/2017\/03\/14\/yeni-yonetimden-silpagara-ziyaret\/"},"modified":"2017-03-14T16:46:00","modified_gmt":"2017-03-14T16:46:00","slug":"yeni-yonetimden-silpagara-ziyaret","status":"publish","type":"post","link":"http:\/\/www.mertcanpolat.com.tr\/dev\/yeni-yonetimden-silpagara-ziyaret\/","title":{"rendered":"YEN\u0130 Y\u00d6NET\u0130MDEN S\u0130LPAGAR\u2019A Z\u0130YARET"},"content":{"rendered":"<p><b>\u00c7iftlikk\u00f6y\u2019\u00fcn ismini yurt i\u00e7inde ve yurt d\u0131\u015f\u0131nda kat\u0131ld\u0131\u011f\u0131 \u00e7e\u015fitli etkinlikler ve festivallerle duyuran \u00c7iftlikk\u00f6y Kafkas K\u00fclt\u00fcr Derne\u011fi, yeni y\u00f6netimiyle \u00c7iftlikk\u00f6y Belediye Ba\u015fkan\u0131 Ali Murat Silpagar\u2019\u0131 ziyaret etti. Ziyarette sivil toplum \u00f6rg\u00fctlerinin ve derneklerin sorunlar\u0131 konu\u015fuldu.<\/b>   <\/p>\n<p> <span style=\"font-size:14px;\">Ge\u00e7ti\u011fimiz g\u00fcnlerde yap\u0131lan kongre ile olu\u015fan yeni y\u00f6netim kurulunun g\u00f6reve ba\u015flad\u0131\u011f\u0131n\u0131 belirten \u00c7iftlikk\u00f6y Kafkas K\u00fclt\u00fcr Derne\u011fi Ba\u015fkan\u0131 Murat Erdo\u011fan, \u00c7iftlikk\u00f6y\u2019\u00fcn ve Kafkas k\u00fclt\u00fcr\u00fcn\u00fcn en iyi \u015fekilde tan\u0131t\u0131lmas\u0131n\u0131 ama\u00e7lad\u0131klar\u0131n\u0131 dile getirdi. Ba\u015fkan Erdo\u011fan, Kafkas K\u00fclt\u00fcr Derne\u011fi\u2019ne olan katk\u0131lar\u0131ndan dolay\u0131 da Ba\u015fkan Silpagar\u2019a te\u015fekk\u00fcr etti. Ziyarette derne\u011fin kad\u0131n \u00fcyeleri taraf\u0131ndan Ba\u015fkan Silpagar\u2019a \u00fczerinde dernek logosunun yer ald\u0131\u011f\u0131 an\u0131 taba\u011f\u0131 hediye edildi.<\/span> <\/p>\n<p> <span style=\"font-size:14px;\">\u00c7iftlikk\u00f6y Kafkas K\u00fclt\u00fcr Derne\u011fi\u2019nin faaliyetlerini yak\u0131ndan takip etti\u011fini dile getiren Ba\u015fkan Silpagar da, yeni y\u00f6netime g\u00f6revlerinde ba\u015far<a name=\"_GoBack\"> <\/a>\u0131lar diledi. Ba\u015fkan Silpagar, il\u00e7enin ad\u0131n\u0131 \u00e7e\u015fitli platformlarda duyuran ve Kafkas k\u00fclt\u00fcr\u00fcn\u00fc tan\u0131tan derne\u011fin b\u00f6yle aktif ve ya\u015fayan bir dernek olmas\u0131ndan son derece mutlu oldu\u011funu belirterek, \u00c7iftlikk\u00f6y\u2019de sivil toplum \u00f6rg\u00fctlerinin artmas\u0131n\u0131n ve derneklerin aktif bir \u015fekilde \u00e7al\u0131\u015fmas\u0131n\u0131n il\u00e7eye b\u00fcy\u00fck fayda sa\u011flayaca\u011f\u0131n\u0131 s\u00f6yledi.<\/span> <\/p>\n<p>&nbsp;<\/p>\n","protected":false},"excerpt":{"rendered":"<p>\u00c7iftlikk\u00f6y\u2019\u00fcn ismini yurt i\u00e7inde ve yurt d\u0131\u015f\u0131nda kat\u0131ld\u0131\u011f\u0131 \u00e7e\u015fitli etkinlikler ve festivallerle duyuran \u00c7iftlikk\u00f6y Kafkas K\u00fclt\u00fcr Derne\u011fi, yeni y\u00f6netimiyle \u00c7iftlikk\u00f6y<\/p>\n","protected":false},"author":1,"featured_media":4947,"comment_status":"open","ping_status":"open","sticky":false,"template":"","format":"standard","meta":[],"categories":[1],"tags":[],"_links":{"self":[{"href":"http:\/\/www.mertcanpolat.com.tr\/dev\/wp-json\/wp\/v2\/posts\/4946"}],"collection":[{"href":"http:\/\/www.mertcanpolat.com.tr\/dev\/wp-json\/wp\/v2\/posts"}],"about":[{"href":"http:\/\/www.mertcanpolat.com.tr\/dev\/wp-json\/wp\/v2\/types\/post"}],"author":[{"embeddable":true,"href":"http:\/\/www.mertcanpolat.com.tr\/dev\/wp-json\/wp\/v2\/users\/1"}],"replies":[{"embeddable":true,"href":"http:\/\/www.mertcanpolat.com.tr\/dev\/wp-json\/wp\/v2\/comments?post=4946"}],"version-history":[{"count":0,"href":"http:\/\/www.mertcanpolat.com.tr\/dev\/wp-json\/wp\/v2\/posts\/4946\/revisions"}],"wp:featuredmedia":[{"embeddable":true,"href":"http:\/\/www.mertcanpolat.com.tr\/dev\/wp-json\/wp\/v2\/media\/4947"}],"wp:attachment":[{"href":"http:\/\/www.mertcanpolat.com.tr\/dev\/wp-json\/wp\/v2\/media?parent=4946"}],"wp:term":[{"taxonomy":"category","embeddable":true,"href":"http:\/\/www.mertcanpolat.com.tr\/dev\/wp-json\/wp\/v2\/categories?post=4946"},{"taxonomy":"post_tag","embeddable":true,"href":"http:\/\/www.mertcanpolat.com.tr\/dev\/wp-json\/wp\/v2\/tags?post=4946"}],"curies":[{"name":"wp","href":"https:\/\/api.w.org\/{rel}","templated":true}]}}