{"id":4940,"date":"2017-03-15T00:33:00","date_gmt":"2017-03-15T00:33:00","guid":{"rendered":"http:\/\/www.mertcanpolat.com.tr\/dev\/index.php\/2017\/03\/15\/chpli-kadinlar-subasinda-bulustu\/"},"modified":"2017-03-15T00:33:00","modified_gmt":"2017-03-15T00:33:00","slug":"chpli-kadinlar-subasinda-bulustu","status":"publish","type":"post","link":"http:\/\/www.mertcanpolat.com.tr\/dev\/chpli-kadinlar-subasinda-bulustu\/","title":{"rendered":"CHP&#39;L\u0130 KADINLAR SUBA\u015eI&#39;NDA BULU\u015eTU"},"content":{"rendered":"<p><b>CHP Suba\u015f\u0131 Kad\u0131n Kollar\u0131n\u0131n d\u00fczenledi\u011fi 8 Mart D\u00fcnya Kad\u0131nlar G\u00fcn\u00fc organizasyonu b\u00fcy\u00fck ilgi g\u00f6rd\u00fc.<\/b>   <\/p>\n<p> <span style=\"font-size:14px;\">Mehmet Tunal\u0131 Sosyal Tesisleri\u2019nde d\u00fczenlenen geceye Suba\u015f\u0131 halk\u0131n\u0131n yan\u0131 s\u0131ra \u00e7evre il\u00e7e ve beldelerden de \u00e7ok say\u0131da kad\u0131n kat\u0131ld\u0131. Sayg\u0131 duru\u015fu ve \u0130stiklal Mar\u015f\u0131 ile ba\u015flayan kutlama program\u0131nda konu\u015fan CHP Suba\u015f\u0131 Kad\u0131n Kollar\u0131 Ba\u015fkan\u0131 Fatma Kesman, \u00f6zellikle son 10 y\u0131lda kad\u0131na y\u00f6nelik \u015fiddetin artt\u0131\u011f\u0131n\u0131 belirterek kad\u0131n\u0131n sosyal hayata katk\u0131lar\u0131n\u0131 vurgulad\u0131. Kesman, geceye kat\u0131lanlara te\u015fekk\u00fcr etti.<\/span> <\/p>\n<p> <span style=\"font-size:14px;\">CHP \u0130l Kad\u0131n Kollar\u0131 Ba\u015fkan\u0131 Meryem Ata\u00e7 ile Merkez \u0130l\u00e7e Kad\u0131n Kollar\u0131 Ba\u015fkan\u0131 Leyla Tavac\u0131 da konu\u015fmalar\u0131nda yakla\u015fmakta olan referanduma de\u011findi ve anayasa de\u011fi\u015fikli\u011fine t\u00fcm kad\u0131nlar\u0131n \u2018hay\u0131r\u2019 demesi gerekti\u011fine dikkat \u00e7ekti.<\/span> <\/p>\n<p> <span style=\"font-size:14px;\">Gecede \u015fiirler okunurken folklor ekibine de \u00e7i\u00e7ek verildi.<\/span> <\/p>\n<p>&nbsp;<\/p>\n","protected":false},"excerpt":{"rendered":"<p>CHP Suba\u015f\u0131 Kad\u0131n Kollar\u0131n\u0131n d\u00fczenledi\u011fi 8 Mart D\u00fcnya Kad\u0131nlar G\u00fcn\u00fc organizasyonu b\u00fcy\u00fck ilgi g\u00f6rd\u00fc. Mehmet Tunal\u0131 Sosyal Tesisleri\u2019nde d\u00fczenlenen geceye<\/p>\n","protected":false},"author":1,"featured_media":4941,"comment_status":"open","ping_status":"open","sticky":false,"template":"","format":"standard","meta":[],"categories":[1],"tags":[],"_links":{"self":[{"href":"http:\/\/www.mertcanpolat.com.tr\/dev\/wp-json\/wp\/v2\/posts\/4940"}],"collection":[{"href":"http:\/\/www.mertcanpolat.com.tr\/dev\/wp-json\/wp\/v2\/posts"}],"about":[{"href":"http:\/\/www.mertcanpolat.com.tr\/dev\/wp-json\/wp\/v2\/types\/post"}],"author":[{"embeddable":true,"href":"http:\/\/www.mertcanpolat.com.tr\/dev\/wp-json\/wp\/v2\/users\/1"}],"replies":[{"embeddable":true,"href":"http:\/\/www.mertcanpolat.com.tr\/dev\/wp-json\/wp\/v2\/comments?post=4940"}],"version-history":[{"count":0,"href":"http:\/\/www.mertcanpolat.com.tr\/dev\/wp-json\/wp\/v2\/posts\/4940\/revisions"}],"wp:featuredmedia":[{"embeddable":true,"href":"http:\/\/www.mertcanpolat.com.tr\/dev\/wp-json\/wp\/v2\/media\/4941"}],"wp:attachment":[{"href":"http:\/\/www.mertcanpolat.com.tr\/dev\/wp-json\/wp\/v2\/media?parent=4940"}],"wp:term":[{"taxonomy":"category","embeddable":true,"href":"http:\/\/www.mertcanpolat.com.tr\/dev\/wp-json\/wp\/v2\/categories?post=4940"},{"taxonomy":"post_tag","embeddable":true,"href":"http:\/\/www.mertcanpolat.com.tr\/dev\/wp-json\/wp\/v2\/tags?post=4940"}],"curies":[{"name":"wp","href":"https:\/\/api.w.org\/{rel}","templated":true}]}}