{"id":4938,"date":"2017-03-15T00:58:00","date_gmt":"2017-03-15T00:58:00","guid":{"rendered":"http:\/\/www.mertcanpolat.com.tr\/dev\/index.php\/2017\/03\/15\/yalovanin-ilk-yer-alti-otoparki\/"},"modified":"2017-03-15T00:58:00","modified_gmt":"2017-03-15T00:58:00","slug":"yalovanin-ilk-yer-alti-otoparki","status":"publish","type":"post","link":"http:\/\/www.mertcanpolat.com.tr\/dev\/yalovanin-ilk-yer-alti-otoparki\/","title":{"rendered":"YALOVA\u2019NIN \u0130LK YER ALTI OTOPARKI"},"content":{"rendered":"<p><b> Termal Belediyesi taraf\u0131ndan yapt\u0131r\u0131lacak, Yalova&#39;n\u0131n ilk ve tek katl\u0131 yeralt\u0131 otopark\u0131n\u0131n temeli d\u00fczenlenen t\u00f6renle at\u0131ld\u0131.<\/b>   <\/p>\n<p> <span style=\"font-size:14px;\">Eski Termal Belediyesi\u2019nin bulundu\u011fu alanda yap\u0131lacak yer alt\u0131 otopark\u0131n\u0131n temel atma t\u00f6renine AK Parti Yalova Milletvekili Fikri Demirel, AK Parti Yalova \u0130l Ba\u015fkan\u0131 Yusuf Ziya \u00d6ztabak, Termal Belediye Ba\u015fkan\u0131 \u0130smail Atik, \u0130l Genel Meclisi Ba\u015fkan\u0131 Ya\u015far Demirel ile \u00e7ok say\u0131da davetli kat\u0131ld\u0131.<\/span> <\/p>\n<p> <span style=\"font-size:14px;\">Termal Belediye Ba\u015fkan\u0131 \u0130smail Atik, il\u00e7eye kal\u0131c\u0131 bir eser kazand\u0131racak olman\u0131n mutlulu\u011funu ya\u015fad\u0131klar\u0131n\u0131 s\u00f6yledi. Atik, &#8220;\u015eu anda temel atma t\u00f6renini d\u00fczenledi\u011fimiz bu alan G\u00f6k\u00e7edere okulunun oldu\u011fu alan. Daha sonra Kalk\u0131nma Bankas\u0131\u2019nca burada \u00f6rnek pansiyon ve \u00f6rnek otel yap\u0131ld\u0131. Ard\u0131ndan Termal Belediyesi olarak kullanmaya ba\u015fland\u0131. Ama bu bina Kalk\u0131nma Bankas\u0131n\u0131n ve biz burada kirac\u0131y\u0131z. 2010 y\u0131l\u0131na kadar bu s\u00fcre\u00e7 devam etti. 2010 y\u0131l\u0131ndan sonra AK Parti milletvekilimiz ve partimizin deste\u011fi ile biz buras\u0131n\u0131 belediyemize sat\u0131n ald\u0131k. Daha sonra buras\u0131n\u0131 kald\u0131rd\u0131k ve otopark olarak kulland\u0131k, ama il\u00e7emizin turizm debisinin ve konaklama tesislerinin artmas\u0131 nedeniyle buras\u0131n\u0131 otopark yapma karar\u0131 ald\u0131k. Burada \u00e7al\u0131\u015fmalar\u0131na ba\u015flad\u0131\u011f\u0131m\u0131z otopark 90 ara\u00e7 kapasiteli. Buda il\u00e7e merkezindeki park ihtiyac\u0131m\u0131za cevap verecek. Dolay\u0131s\u0131yla il\u00e7e merkezindeki park sorunumuzu ortadan kald\u0131rm\u0131\u015f olaca\u011f\u0131z. \u0130\u015fimiz yakla\u015f\u0131k 3 ay s\u00fcrecek. Bu eserle Termal il\u00e7emize de kal\u0131c\u0131 bir eser b\u0131rakm\u0131\u015f oluyoruz&#8221; dedi.<img alt=\"\" src=\"http:\/\/ajansyalova.com\/Images\/Thumbs\/Editor\/5951-17022038_1872522406319002_3333373484873979824_n.jpeg\" style=\"border-width: 2px; border-style: solid; margin: 2px; float: right; width: 601px; height: 338px;\" \/> <br \/> Atik&#8217;in ard\u0131ndan s\u00f6z alan AK Parti Yalova \u0130l Ba\u015fkan\u0131 Yusuf Ziya \u00d6ztabak ise \u00f6nemli bir yat\u0131r\u0131m\u0131n temelini att\u0131klar\u0131n\u0131 kaydetti. &nbsp;&#8220;AK Parti ile ba\u015flang\u0131c\u0131 ve biti\u015fi belli olan projeler \u00fcretilmeye ba\u015fland\u0131\u201d diyen \u00d6ztabak, \u015f\u00f6yle devam etti:<\/span> <\/p>\n<p> <span style=\"font-size:14px;\">\u201cD\u00fcnya&#8217;n\u0131n en g\u00fczel \u00fclkesi T\u00fcrkiye. T\u00fcrkiye&#8217;nin en g\u00fczel ili Yalova ve Yalova&#8217;n\u0131n en g\u00fczel il\u00e7esi de Termal il\u00e7esidir. Termal&#8217;de son d\u00f6nemlerde \u00f6zel sekt\u00f6r\u00fcn de deste\u011fi ile \u00f6nemli yat\u0131r\u0131mlar yap\u0131l\u0131yor. Yalova&#8217;m\u0131z\u0131n turizmi anlam\u0131nda buras\u0131 bir dinamo g\u00f6revi \u00fcstleniyor. Burada belediye binam\u0131z\u0131n temelini de atmak bize nasip olacak in\u015fallah. Hizmet etmek bizlerin i\u015fi. Biz de hizmet i\u00e7in var\u0131z diyor ve bunu yap\u0131yoruz&#8221;<br \/> <strong>Demirel\u2019den yeni bina m\u00fcjdesi<\/strong> <br \/> AK Parti Yalova Milletvekili Fikri Demirel de t\u00f6rene kat\u0131lanlara hitap etti. Demirel konu\u015fmas\u0131nda, &#8220;\u0130n\u015fallah burada temelini att\u0131\u011f\u0131m\u0131z otopark il\u00e7emizin \u00f6nemli bir ihtiyac\u0131n\u0131 giderecektir. \u00c7\u00fcnk\u00fc Termal k\u00fc\u00e7\u00fck bir il\u00e7e. Caddeler park anlam\u0131nda yetersiz kal\u0131yor. Yalova&#8217;m\u0131z y\u00fcz\u00f6l\u00e7\u00fcm\u00fc olarak k\u00fc\u00e7\u00fck ama \u00fclkenin en g\u00fczel il\u00e7elerinden birisi. Hele Termal ayr\u0131 bir g\u00fczel. Bu il\u00e7emiz turizm anlam\u0131nda ilimizin lokomotifi. Her il\u00e7emizin kendine has g\u00fczelli\u011fi ve cazibesi var. Biz Yalova&#8217;ya minyat\u00fcr T\u00fcrkiye diyoruz. Zira \u00fclkenin her yerinden gelen insanlar\u0131n karde\u015f\u00e7e ya\u015fad\u0131\u011f\u0131 bir il buras\u0131. Buda \u00fclkeye \u00f6rnek bir durumdur. Biz de bu ilin siyaset\u00e7ileri olarak ilimizin ve il\u00e7elerimizin geli\u015fimi i\u00e7in elimizden geleni yapmaya devam edece\u011fiz. Biz bu i\u015fe talip olurken sizlere bir s\u00f6z verdik. Size hizmetkar olma s\u00f6z\u00fc verdik. &nbsp;Biz Yalova&#8217;da iyi bir ekibiz. T\u00fcm parti te\u015fkilat\u0131m\u0131zla, belediye ba\u015fkanlar\u0131m\u0131zla meclis \u00fcyelerimizle \u00e7ok g\u00fczel hizmetlerin alt\u0131na hizmet ediyoruz. \u0130limizin her yerini s\u0131cak asfaltla kaplad\u0131k. Herkes her yere rahat\u00e7a ula\u015f\u0131yorlar. Termalimizin bir eksi\u011fini tamaml\u0131yoruz. En k\u0131sa s\u00fcrede Termal Belediyemiz i\u00e7in arsa tahsisi i\u00e7in \u00e7al\u0131\u015f\u0131yoruz. Umar\u0131m en k\u0131sa s\u00fcrede bu belediyemizi de hep birlikte a\u00e7mak bize nasip olacak. \u0130ptal olan imar planlar\u0131n\u0131 da takip ediyoruz. Bu planlar da \u00e7\u0131k\u0131nca bin 600 d\u00f6n\u00fcml\u00fck alan turizme a\u00e7\u0131lacak ve Bakanl\u0131k\u00e7a ihaleye \u00e7\u0131kacak. Termale yat\u0131r\u0131m yapacak \u00e7ok say\u0131da yat\u0131r\u0131mc\u0131 olaca\u011f\u0131n\u0131 d\u00fc\u015f\u00fcn\u00fcyorum. Termal yatak kapasitesi 7 bine ula\u015fan ciddi bir turizm merkezine d\u00f6n\u00fc\u015ft\u00fc. Ben bu \u00f6nemli yat\u0131r\u0131m\u0131 il\u00e7emize ve ilimize kazand\u0131ran Termal Belediye Ba\u015fkan\u0131m\u0131z \u0130smail Atik&#8217;i kutluyorum&#8221; diye konu\u015ftu.<br \/> <strong> <img alt=\"\" src=\"http:\/\/ajansyalova.com\/Images\/Thumbs\/Editor\/5952-untitled-2-copy.jpeg\" style=\"border-width: 2px; border-style: solid; margin: 2px; float: left; width: 646px; height: 430px;\" \/>May\u0131s ay\u0131nda tamamlanacak<\/strong> <br \/> Konu\u015fman\u0131n ard\u0131ndan projenin m\u00fcteahhidi Burhan \u00c7ingay&#8217;\u0131 k\u00fcrs\u00fcye \u00e7a\u011f\u0131ran Termal Belediye Ba\u015fkan\u0131 \u0130smail Atik in\u015faat\u0131n biti\u015f tarihini sordu. M\u00fcteahhit ise binan\u0131n 27 Haziran 2017 tarihinde tamamlanaca\u011f\u0131n\u0131 s\u00f6yledi. Bunun \u00fczerine pazarl\u0131k yapan Atik m\u00fcteahhitle binan\u0131n 27 May\u0131s 2017 tarihinde tamamlanmas\u0131 konusunda anla\u015ft\u0131.<\/span> <\/p>\n<p> <span style=\"font-size:14px;\">Temele ilk harc\u0131 koyan butona AK Parti Yalova Milletvekili Fikri Demirel, AK Parti Yalova \u0130l Ba\u015fkan\u0131 Yusuf Ziya \u00d6ztabak, Termal Belediye Ba\u015fkan\u0131 \u0130smail Atik, \u0130l Genel Meclisi Ba\u015fkan\u0131 Ya\u015far Demirel, AK Partili belediye ba\u015fkanlar\u0131 birlikte bast\u0131.<br \/> Bina bin 270 metre kare alana oturuyor. net otopark alan\u0131 bin metre kare olan katl\u0131 yer alt\u0131 otopark\u0131 toplam 2 kat olarak in\u015fa edilecek ve toplam 2 bin metre kare park alan\u0131na sahip olacak. Otopark\u0131n \u00fcst\u00fcnde ise \u015fehir meydan\u0131 yer alacak.<\/span> <\/p>\n","protected":false},"excerpt":{"rendered":"<p>Termal Belediyesi taraf\u0131ndan yapt\u0131r\u0131lacak, Yalova&#39;n\u0131n ilk ve tek katl\u0131 yeralt\u0131 otopark\u0131n\u0131n temeli d\u00fczenlenen t\u00f6renle at\u0131ld\u0131. Eski Termal Belediyesi\u2019nin bulundu\u011fu alanda<\/p>\n","protected":false},"author":1,"featured_media":4939,"comment_status":"open","ping_status":"open","sticky":false,"template":"","format":"standard","meta":[],"categories":[1],"tags":[],"_links":{"self":[{"href":"http:\/\/www.mertcanpolat.com.tr\/dev\/wp-json\/wp\/v2\/posts\/4938"}],"collection":[{"href":"http:\/\/www.mertcanpolat.com.tr\/dev\/wp-json\/wp\/v2\/posts"}],"about":[{"href":"http:\/\/www.mertcanpolat.com.tr\/dev\/wp-json\/wp\/v2\/types\/post"}],"author":[{"embeddable":true,"href":"http:\/\/www.mertcanpolat.com.tr\/dev\/wp-json\/wp\/v2\/users\/1"}],"replies":[{"embeddable":true,"href":"http:\/\/www.mertcanpolat.com.tr\/dev\/wp-json\/wp\/v2\/comments?post=4938"}],"version-history":[{"count":0,"href":"http:\/\/www.mertcanpolat.com.tr\/dev\/wp-json\/wp\/v2\/posts\/4938\/revisions"}],"wp:featuredmedia":[{"embeddable":true,"href":"http:\/\/www.mertcanpolat.com.tr\/dev\/wp-json\/wp\/v2\/media\/4939"}],"wp:attachment":[{"href":"http:\/\/www.mertcanpolat.com.tr\/dev\/wp-json\/wp\/v2\/media?parent=4938"}],"wp:term":[{"taxonomy":"category","embeddable":true,"href":"http:\/\/www.mertcanpolat.com.tr\/dev\/wp-json\/wp\/v2\/categories?post=4938"},{"taxonomy":"post_tag","embeddable":true,"href":"http:\/\/www.mertcanpolat.com.tr\/dev\/wp-json\/wp\/v2\/tags?post=4938"}],"curies":[{"name":"wp","href":"https:\/\/api.w.org\/{rel}","templated":true}]}}