{"id":4936,"date":"2017-03-15T01:17:00","date_gmt":"2017-03-15T01:17:00","guid":{"rendered":"http:\/\/www.mertcanpolat.com.tr\/dev\/index.php\/2017\/03\/15\/incenin-kayinvalide-acisi\/"},"modified":"2017-03-15T01:17:00","modified_gmt":"2017-03-15T01:17:00","slug":"incenin-kayinvalide-acisi","status":"publish","type":"post","link":"http:\/\/www.mertcanpolat.com.tr\/dev\/incenin-kayinvalide-acisi\/","title":{"rendered":"\u0130NCE&#39;N\u0130N KAYINVAL\u0130DE ACISI"},"content":{"rendered":"<p><b>CHP Yalova Milletvekili Muharrem \u0130nce&#39;nin Bal\u0131kesir&#39;de vefat eden kay\u0131nvalidesi 81 ya\u015f\u0131ndaki Nesrin Yaman, son yolculu\u011funa u\u011furland\u0131.<\/b>   <\/p>\n<p> <span style=\"font-size:14px;\">Ya\u015fl\u0131l\u0131\u011fa ba\u011fl\u0131 nedenlerden 20 g\u00fcnd\u00fcr hastanede tedavi g\u00f6ren CHP Yalova Milletvekili Muharrem \u0130nce&#8217;nin kay\u0131nvalidesi 81 ya\u015f\u0131ndaki Nesrin Yaman, ya\u015fam\u0131n\u0131 yitirdi. <\/span> <\/p>\n<p> <span style=\"font-size:14px;\">Nesrin Yaman Za\u011fnospa\u015fa Camii&#8217;nde ikindide k\u0131l\u0131nan namaz\u0131n\u0131n ard\u0131ndan Ba\u015f\u00e7e\u015fme Mezarl\u0131\u011f\u0131&#8217;nda topra\u011fa verildi. Cenazeye kat\u0131lan Muharrem \u0130nce ve o\u011flu Salih Arda \u0130nce, partililerin ve vatanda\u015flar\u0131n ba\u015fsa\u011fl\u0131\u011f\u0131 dileklerini kabul etti. Olduk\u00e7a \u00fcz\u00fcnt\u00fcl\u00fc g\u00f6r\u00fcnen Muharrem \u0130nce&#8217;nin e\u015fi \u00dclk\u00fc \u0130nce&#8217;yi ise CHP&#8217;li kad\u0131nlar teselli etti. CHP Genel Ba\u015fkan\u0131 Kemal K\u0131l\u0131\u00e7daro\u011flu ile \u00e7ok say\u0131da milletvekili cenazeye \u00e7elenk g\u00f6ndererek, \u0130nce ailesinin ac\u0131s\u0131n\u0131 payla\u015ft\u0131. <\/span> <\/p>\n<p> <span style=\"font-size:14px;\">CHP Bal\u0131kesir milletvekilleri Nam\u0131k Havut\u00e7a, Ahmet Ak\u0131n, CHP&#8217;nin eski Bal\u0131kesir milletvekilleri \u00d6nder K\u0131rl\u0131, Orhan S\u00fcr, Erg\u00fcn Aydo\u011fan, CHP&#8217;li Belediye Ba\u015fkanlar\u0131 ve il\u00e7e ba\u015fkanlar\u0131 ile \u00e7ok say\u0131da vatanda\u015f da cenazeye kat\u0131ld\u0131.<\/span> <\/p>\n","protected":false},"excerpt":{"rendered":"<p>CHP Yalova Milletvekili Muharrem \u0130nce&#39;nin Bal\u0131kesir&#39;de vefat eden kay\u0131nvalidesi 81 ya\u015f\u0131ndaki Nesrin Yaman, son yolculu\u011funa u\u011furland\u0131. Ya\u015fl\u0131l\u0131\u011fa ba\u011fl\u0131 nedenlerden 20<\/p>\n","protected":false},"author":1,"featured_media":4937,"comment_status":"open","ping_status":"open","sticky":false,"template":"","format":"standard","meta":[],"categories":[1],"tags":[],"_links":{"self":[{"href":"http:\/\/www.mertcanpolat.com.tr\/dev\/wp-json\/wp\/v2\/posts\/4936"}],"collection":[{"href":"http:\/\/www.mertcanpolat.com.tr\/dev\/wp-json\/wp\/v2\/posts"}],"about":[{"href":"http:\/\/www.mertcanpolat.com.tr\/dev\/wp-json\/wp\/v2\/types\/post"}],"author":[{"embeddable":true,"href":"http:\/\/www.mertcanpolat.com.tr\/dev\/wp-json\/wp\/v2\/users\/1"}],"replies":[{"embeddable":true,"href":"http:\/\/www.mertcanpolat.com.tr\/dev\/wp-json\/wp\/v2\/comments?post=4936"}],"version-history":[{"count":0,"href":"http:\/\/www.mertcanpolat.com.tr\/dev\/wp-json\/wp\/v2\/posts\/4936\/revisions"}],"wp:featuredmedia":[{"embeddable":true,"href":"http:\/\/www.mertcanpolat.com.tr\/dev\/wp-json\/wp\/v2\/media\/4937"}],"wp:attachment":[{"href":"http:\/\/www.mertcanpolat.com.tr\/dev\/wp-json\/wp\/v2\/media?parent=4936"}],"wp:term":[{"taxonomy":"category","embeddable":true,"href":"http:\/\/www.mertcanpolat.com.tr\/dev\/wp-json\/wp\/v2\/categories?post=4936"},{"taxonomy":"post_tag","embeddable":true,"href":"http:\/\/www.mertcanpolat.com.tr\/dev\/wp-json\/wp\/v2\/tags?post=4936"}],"curies":[{"name":"wp","href":"https:\/\/api.w.org\/{rel}","templated":true}]}}